{"id":45931,"date":"2022-03-18T14:59:37","date_gmt":"2022-03-18T20:59:37","guid":{"rendered":"https:\/\/nvnoticias.mx\/?p=45931"},"modified":"2022-03-18T14:59:38","modified_gmt":"2022-03-18T20:59:38","slug":"revela-fedez-esposo-de-chiara-ferragni-que-padece-una-grave-enfermedad","status":"publish","type":"post","link":"https:\/\/nvnoticias.mx\/index.php\/2022\/03\/18\/revela-fedez-esposo-de-chiara-ferragni-que-padece-una-grave-enfermedad\/","title":{"rendered":"Revela Fedez esposo de Chiara Ferragni que padece una grave enfermedad"},"content":{"rendered":"\n<p>La pareja de influencers italianos suelen mantener sus redes sociales con moda, viajes y diversi\u00f3n.\u00a0Desde luego, la encantadora parte familiar junto a sus dos hijos:\u00a0<strong>Leone<\/strong>\u00a0(3) y\u00a0<strong>Vittoria<\/strong>\u00a0(11 meses).<\/p>\n\n\n\n<p>Sin embargo, este 17 de marzo el tambi\u00e9n cantante de 32 a\u00f1os fue a Instagram Stories para contar a sus millones de seguidores que padece una enfermedad.<\/p>\n\n\n\n<p>&#8220;Por desgracia, me han encontrado un problema de salud, pero afortunadamente me lo encontraron a tiempo. Pero conlleva un perjuicio importante&#8221;.<\/p>\n\n\n\n<p>Agreg\u00f3 que esta etapa &#8220;implica un camino importante&#8221;.<\/p>\n\n\n\n<blockquote class=\"wp-block-quote is-layout-flow wp-block-quote-is-layout-flow\"><p>&#8220;Cuando he descubierto esto, le\u00ed la historia de otras personas y me ha reconfortado. En el futuro contar\u00e9 esta nueva aventura, aunque solo sea para ayudar a una persona&#8230; A este par\u00e9ntesis de mi vida le tengo que dar un sentido.&#8221;<\/p><\/blockquote>\n\n\n\n<p>Fedez no pudo evitar conmoverse y llorar ante la c\u00e1mara.<\/p>\n\n\n\n<p>Fuente: <a href=\"https:\/\/www.eonline.com\/mx\/news\/1323701\/fedez-esposo-de-chiara-ferragni-rompe-en-llanto-al-revelar-que-padece-una-grave-enfermedad\" data-type=\"URL\" data-id=\"https:\/\/www.eonline.com\/mx\/news\/1323701\/fedez-esposo-de-chiara-ferragni-rompe-en-llanto-al-revelar-que-padece-una-grave-enfermedad\">E!<\/a><\/p>\n","protected":false},"excerpt":{"rendered":"<p>La pareja de influencers italianos suelen mantener sus redes sociales con moda, viajes y diversi\u00f3n.\u00a0Desde luego, la encantadora parte familiar junto a sus dos hijos:\u00a0Leone\u00a0(3) y\u00a0Vittoria\u00a0(11 meses). Sin embargo, este 17 de marzo el tambi\u00e9n cantante de 32 a\u00f1os fue a Instagram Stories para contar a sus millones de seguidores que padece una enfermedad. &#8220;Por [&hellip;]<\/p>\n","protected":false},"author":35,"featured_media":45933,"comment_status":"open","ping_status":"open","sticky":false,"template":"","format":"standard","meta":{"_monsterinsights_skip_tracking":false,"_monsterinsights_sitenote_active":false,"_monsterinsights_sitenote_note":"","_monsterinsights_sitenote_category":0,"footnotes":""},"categories":[576],"tags":[12085,740,12084,3242,12086],"class_list":["post-45931","post","type-post","status-publish","format-standard","has-post-thumbnail","hentry","category-ocio","tag-chiara-ferragni","tag-enfermedad","tag-fedez","tag-grave","tag-padece","wp-image-borders"],"amp_enabled":true,"_links":{"self":[{"href":"https:\/\/nvnoticias.mx\/index.php\/wp-json\/wp\/v2\/posts\/45931","targetHints":{"allow":["GET"]}}],"collection":[{"href":"https:\/\/nvnoticias.mx\/index.php\/wp-json\/wp\/v2\/posts"}],"about":[{"href":"https:\/\/nvnoticias.mx\/index.php\/wp-json\/wp\/v2\/types\/post"}],"author":[{"embeddable":true,"href":"https:\/\/nvnoticias.mx\/index.php\/wp-json\/wp\/v2\/users\/35"}],"replies":[{"embeddable":true,"href":"https:\/\/nvnoticias.mx\/index.php\/wp-json\/wp\/v2\/comments?post=45931"}],"version-history":[{"count":1,"href":"https:\/\/nvnoticias.mx\/index.php\/wp-json\/wp\/v2\/posts\/45931\/revisions"}],"predecessor-version":[{"id":45935,"href":"https:\/\/nvnoticias.mx\/index.php\/wp-json\/wp\/v2\/posts\/45931\/revisions\/45935"}],"wp:featuredmedia":[{"embeddable":true,"href":"https:\/\/nvnoticias.mx\/index.php\/wp-json\/wp\/v2\/media\/45933"}],"wp:attachment":[{"href":"https:\/\/nvnoticias.mx\/index.php\/wp-json\/wp\/v2\/media?parent=45931"}],"wp:term":[{"taxonomy":"category","embeddable":true,"href":"https:\/\/nvnoticias.mx\/index.php\/wp-json\/wp\/v2\/categories?post=45931"},{"taxonomy":"post_tag","embeddable":true,"href":"https:\/\/nvnoticias.mx\/index.php\/wp-json\/wp\/v2\/tags?post=45931"}],"curies":[{"name":"wp","href":"https:\/\/api.w.org\/{rel}","templated":true}]}}