{"id":45899,"date":"2022-03-18T13:57:30","date_gmt":"2022-03-18T19:57:30","guid":{"rendered":"https:\/\/nvnoticias.mx\/?p=45899"},"modified":"2022-03-18T13:57:32","modified_gmt":"2022-03-18T19:57:32","slug":"espionaje-telefonico-al-fiscal","status":"publish","type":"post","link":"https:\/\/nvnoticias.mx\/index.php\/2022\/03\/18\/espionaje-telefonico-al-fiscal\/","title":{"rendered":"Espionaje telef\u00f3nico al fiscal"},"content":{"rendered":"\n<p><strong>Ricardo Homs<\/strong><\/p>\n\n\n\n<p>El caso judicial que sigue el fiscal Alejandro Gertz Manero en contra de la familia Cuevas Mor\u00e1n, -su familia pol\u00edtica-, desnuda, -tanto la vulnerabilidad de la FGR-, como la crisis moral de todo nuestro sistema de justicia.<\/p>\n\n\n\n<p>Por una parte, exhibe la vulnerabilidad tecnol\u00f3gica de la FGR y nos lleva a concluir que si el fiscal general de la naci\u00f3n puede ser intervenido en sus llamadas telef\u00f3nicas personales por sus adversarios pol\u00edticos, seguramente ser\u00e1 muy f\u00e1cil para el crimen organizado mantener vigilados a sus subalternos y a toda la estructura operativa de esta instituci\u00f3n. Esto podr\u00eda explicar en parte la impunidad que campea por todo el pa\u00eds.<\/p>\n\n\n\n<p>Sin embargo, tambi\u00e9n cabe la posibilidad de que el mismo fiscal no sea disciplinado para seguir los protocolos de seguridad tecnol\u00f3gica del importante organismo que \u00e9l encabeza, lo cual tambi\u00e9n ser\u00eda muy grave pues pone en riesgo la secrec\u00eda que debe rodear a los asuntos delicados que \u00e9l encabeza.<\/p>\n\n\n\n<p>Por otra parte, si el proyecto de sentencia realizado por el ministro de la SCJN Alberto P\u00e9rez Day\u00e1n hubiese sido enviado directamente al fiscal por propia voluntad del ministro, -como un acto de cortes\u00eda-, pondr\u00eda en entredicho la independencia y objetividad de la SCJN frente a una de las partes y de paso esta acci\u00f3n podr\u00eda calificarse como contubernio, aunque fuese una pr\u00e1ctica cotidiana de hace muchos a\u00f1os, pues no resistir\u00eda un juicio moral.<\/p>\n\n\n\n<p>Pero\u2026 si en lugar de haber sido enviado este documento desde la SCJN hubiese sido obtenido como producto del espionaje, entonces ser\u00eda un delito, pues vulnerar\u00eda la confidencialidad que debe rodear a las decisiones de la Corte.<\/p>\n\n\n\n<p>Por lo que toca al fiscal, este caso de \u00edndole familiar se est\u00e1 convirtiendo en su \u201ctal\u00f3n de Aquiles\u201d.<\/p>\n\n\n\n<p>El derecho que \u00e9l reclama asumi\u00e9ndose como cualquier ciudadano, no tiene el m\u00ednimo sustento.<\/p>\n\n\n\n<p>\u00c9l no s\u00f3lo es un funcionario que tiene todo el poder para doblegar al sistema de justicia a su favor, -como lo har\u00eda cualquier secretario de estado-, sino que \u00e9l encabeza la procuraci\u00f3n de justicia, como lo describe la nomenclatura anterior de su cargo. Si alguien debe imponer el ejemplo de ser escrupuloso y evitar conflictos de inter\u00e9s, debe ser \u00e9l.<\/p>\n\n\n\n<p>\u00bfCon qu\u00e9 autoridad moral puede exigir a un subalterno, -de cualquier nivel-, separar las responsabilidades de su cargo, de sus intereses personales? \u00c9l debe convertirse en un ejemplo de pulcritud en su cargo. Eso representa, -en cualquier lugar del mundo-, el contexto moral que debe enaltecer a quien detenta este honroso cargo.<\/p>\n\n\n\n<p>Este caso tambi\u00e9n exhibe al presidente de la rep\u00fablica, quien p\u00fablicamente se ha manifestado arrop\u00e1ndolo y d\u00e1ndole su aval, no obstante que la intromisi\u00f3n directa del fiscal, -en su propia demanda-, represente un abuso de poder frente a un adversario, -o sea su familia pol\u00edtica-, la cual queda en posici\u00f3n de indefensi\u00f3n y vulnerabilidad.<\/p>\n\n\n\n<p>\u00bfQui\u00e9n podr\u00e1 creer en la imparcialidad del fiscal en cualquier otro caso delicado?<\/p>\n\n\n\n<p>Si la justicia es equilibrio y representa el predominio de la raz\u00f3n, el proceder de este funcionario en este caso tan emblem\u00e1tico y sensible echa por tierra la confianza que debe transmitir a todos<\/p>\n\n\n\n<p>los ciudadanos, quienes debi\u00e9semos sentirnos protegidos por \u00e9l y por la instituci\u00f3n que \u00e9l encabeza.<\/p>\n\n\n\n<p>La prepotencia utilizada en este caso y la red de complicidades a su rededor ponen en evidencia la actual crisis moral del sistema de justicia de nuestro pa\u00eds. Por ello hay un vac\u00edo de autoridad moral en todo M\u00e9xico, pa\u00eds que vive una violencia desbordada por una parte y un sentimiento colectivo de desconfianza frente a quienes son los responsables de la procuraci\u00f3n de justicia.<\/p>\n\n\n\n<p>\u00a1Pobre M\u00e9xico!.<\/p>\n\n\n\n<p><strong>LA NUEVA DIPLOMACIA MEXICANA<\/strong><\/p>\n\n\n\n<p>La respuesta del Gobierno de la Rep\u00fablica al Parlamento Europeo en relaci\u00f3n con el tema de la inseguridad en el ejercicio del periodismo, muestra el nacimiento de una nueva pol\u00edtica exterior.<\/p>\n\n\n\n<p>El texto se compone de descalificaciones e insultos como respuesta de nuestro gobierno al pleno donde est\u00e1n representados todos los pa\u00edses que componen la Uni\u00f3n Europea. 607 votos de legisladores a favor y solo dos en contra, de un total de 705.<\/p>\n\n\n\n<p>\u201cEs lamentable que los diputados del Parlamento Europeo se sumen como borregos a la estrategia reaccionaria y golpista del grupo corrupto que se opone a la Cuarta Transformaci\u00f3n\u201d, dice el documento emitido por el Gobierno de la Rep\u00fablica.<\/p>\n\n\n\n<p>Independientemente del contenido y la validez de sus argumentos, es el lenguaje utilizado en este documento lo que nos debe dar verg\u00fcenza a los mexicanos, pues no es el modo de dar respuesta a la comunidad internacional. Con enviar una nota diplom\u00e1tica firme pero cort\u00e9s hubiese bastado para mantener una relaci\u00f3n de respeto, como corresponde a un pa\u00eds democr\u00e1tico y valorado en el exterior, como lo ha sido el nuestro.<\/p>\n\n\n\n<p>En cambio, una respuesta visceral y agresiva, -totalmente desusual y fuera de contexto-, confirm\u00f3 a los legisladores europeos sus temores.<\/p>\n\n\n\n<p>El Parlamento Europeo es el organismo que aglutina a todos los pa\u00edses de la Uni\u00f3n Europea, equivalente al Congreso de la Uni\u00f3n de nuestro pa\u00eds.<\/p>\n\n\n\n<p>Debi\u00e9semos preguntarnos \u00bfCu\u00e1l habr\u00e1 sido la verdadera intenci\u00f3n de nuestro presidente al redactar personalmente este documento?<\/p>\n\n\n\n<p>Para nosotros los mexicanos esta narrativa y este lenguaje se volvieron cotidianos al ser recurrentes en \u201clas ma\u00f1aneras\u201d y por ello no nos sorprenden. Sin embargo, como parte del protocolo diplom\u00e1tico representa una aberraci\u00f3n en boca del presidente de un pa\u00eds respetado internacionalmente como lo es el nuestro.<\/p>\n\n\n\n<p>Definitivamente no pretendi\u00f3 generar confianza en sus pol\u00edticas ni en la gobernabilidad del Pa\u00eds.<\/p>\n\n\n\n<p>Con toda seguridad el Parlamento Europeo no se enganchar\u00e1 en una discusi\u00f3n de este tipo. Entonces veremos que asumir\u00e1 con mucha sensibilidad la conveniencia de no dar respuesta e ignorar la misiva, o dar\u00e1 un cort\u00e9s y diplom\u00e1tico acuse de recibido.<\/p>\n\n\n\n<p>Sin embargo, con toda seguridad esta experiencia prender\u00e1 las alarmas de los inversionistas de sus respectivos pa\u00edses, quienes entender\u00e1n que el Estado de Derecho en M\u00e9xico est\u00e1 sobre asedio<\/p>\n\n\n\n<p>continuo y sujeto a los embates de un gobierno que est\u00e1 dispuesto a todo con tal de imponer sus doctrinas ideol\u00f3gicas, sin importar las consecuencias econ\u00f3micas y pol\u00edticas que pueden impactar negativamente al desarrollo de este pa\u00eds.<\/p>\n\n\n\n<p>Sabemos de la capacidad de nuestro canciller Marcelo Ebrard, pero\u2026 \u00bfNo se enter\u00f3 de este documento o simplemente call\u00f3 para complacer a su jefe y mantenerse en su equipo?<\/p>\n\n\n\n<p>\u00bfA usted qu\u00e9 le parece?<\/p>\n\n\n\n<p>Facebook: @Ricardo.Homs1<\/p>\n\n\n\n<p>Twitter: @homsricardo<\/p>\n\n\n\n<p>Linkedin: Ricardo Homs<\/p>\n\n\n\n<p>www.ricardohoms.com<\/p>\n","protected":false},"excerpt":{"rendered":"<p>Ricardo Homs El caso judicial que sigue el fiscal Alejandro Gertz Manero en contra de la familia Cuevas Mor\u00e1n, -su familia pol\u00edtica-, desnuda, -tanto la vulnerabilidad de la FGR-, como la crisis moral de todo nuestro sistema de justicia. Por una parte, exhibe la vulnerabilidad tecnol\u00f3gica de la FGR y nos lleva a concluir que [&hellip;]<\/p>\n","protected":false},"author":18,"featured_media":44439,"comment_status":"open","ping_status":"open","sticky":false,"template":"","format":"standard","meta":{"_monsterinsights_skip_tracking":false,"_monsterinsights_sitenote_active":false,"_monsterinsights_sitenote_note":"","_monsterinsights_sitenote_category":0,"footnotes":""},"categories":[246],"tags":[173],"class_list":["post-45899","post","type-post","status-publish","format-standard","has-post-thumbnail","hentry","category-ricardo-homs","tag-ricardo-homs","wp-image-borders"],"amp_enabled":true,"_links":{"self":[{"href":"https:\/\/nvnoticias.mx\/index.php\/wp-json\/wp\/v2\/posts\/45899","targetHints":{"allow":["GET"]}}],"collection":[{"href":"https:\/\/nvnoticias.mx\/index.php\/wp-json\/wp\/v2\/posts"}],"about":[{"href":"https:\/\/nvnoticias.mx\/index.php\/wp-json\/wp\/v2\/types\/post"}],"author":[{"embeddable":true,"href":"https:\/\/nvnoticias.mx\/index.php\/wp-json\/wp\/v2\/users\/18"}],"replies":[{"embeddable":true,"href":"https:\/\/nvnoticias.mx\/index.php\/wp-json\/wp\/v2\/comments?post=45899"}],"version-history":[{"count":1,"href":"https:\/\/nvnoticias.mx\/index.php\/wp-json\/wp\/v2\/posts\/45899\/revisions"}],"predecessor-version":[{"id":45901,"href":"https:\/\/nvnoticias.mx\/index.php\/wp-json\/wp\/v2\/posts\/45899\/revisions\/45901"}],"wp:featuredmedia":[{"embeddable":true,"href":"https:\/\/nvnoticias.mx\/index.php\/wp-json\/wp\/v2\/media\/44439"}],"wp:attachment":[{"href":"https:\/\/nvnoticias.mx\/index.php\/wp-json\/wp\/v2\/media?parent=45899"}],"wp:term":[{"taxonomy":"category","embeddable":true,"href":"https:\/\/nvnoticias.mx\/index.php\/wp-json\/wp\/v2\/categories?post=45899"},{"taxonomy":"post_tag","embeddable":true,"href":"https:\/\/nvnoticias.mx\/index.php\/wp-json\/wp\/v2\/tags?post=45899"}],"curies":[{"name":"wp","href":"https:\/\/api.w.org\/{rel}","templated":true}]}}