{"id":45894,"date":"2022-03-18T13:47:22","date_gmt":"2022-03-18T19:47:22","guid":{"rendered":"https:\/\/nvnoticias.mx\/?p=45894"},"modified":"2022-03-18T13:47:22","modified_gmt":"2022-03-18T19:47:22","slug":"el-parlamento","status":"publish","type":"post","link":"https:\/\/nvnoticias.mx\/index.php\/2022\/03\/18\/el-parlamento\/","title":{"rendered":"El parlamento"},"content":{"rendered":"\n<p><strong>Juan Jos\u00e9 Rodr\u00edguez Prats<\/strong><\/p>\n\n\n\n<blockquote class=\"wp-block-quote is-layout-flow wp-block-quote-is-layout-flow\"><p><em>El ansia de encontrar la dimensi\u00f3n<\/em> <em>de una verdad completa.<\/em><\/p><cite><strong>Jaime Torres Bodet<\/strong><\/cite><\/blockquote>\n\n\n\n<p>A la pregunta \u201c\u00bfQu\u00e9 es lo m\u00e1s dif\u00edcil?\u201d, Goethe se contestaba: \u201cVer con los ojos lo que ante los ojos se encuentra\u201d.<\/p>\n\n\n\n<p>Hace muchos a\u00f1os platicaba con un connotado jurista y pol\u00edtico sobre cu\u00e1l de los tres poderes en que est\u00e1 dividido su ejercicio es el peor en su desempe\u00f1o. No ten\u00eda ninguna duda: dado nuestro r\u00e9gimen presidencial, la mayor responsabilidad recae en el Ejecutivo. El argumento es incontrastable. Sin embargo, si los deslindamos y vemos c\u00f3mo funcionan y cotejamos sus resultados con los deberes que las leyes les asignan, la respuesta se torna m\u00e1s complicada.<\/p>\n\n\n\n<p>La administraci\u00f3n de justicia a cargo del Poder Judicial es pat\u00e9tica. Me aboco al an\u00e1lisis del mal llamado Poder Legislativo.<\/p>\n\n\n\n<p>En todos los pueblos surgi\u00f3 de manera natural la divisi\u00f3n de poderes. La necesidad de deliberar qu\u00e9 hacer en asuntos colectivos, desde el origen de la organizaci\u00f3n pol\u00edtica, engendr\u00f3 \u00f3rganos colegiados con voces autorizadas para asumir esa tarea. Para algunos historiadores, el \u00e1gora griega fue el inicio. Me parece, no obstante, que el aut\u00e9ntico parlamento naci\u00f3 en el a\u00f1o 509 a.C. con la Rep\u00fablica romana despu\u00e9s del derrocamiento del rey Tarquino el Soberbio, como ya lo he relatado en este espacio. Mary Beard relata en su&nbsp;<em>Historia Antigua de Roma el papel del Senado<\/em>, del que se desprende el conjunto de ideas fundamentales que regulan a la instituci\u00f3n y a la democracia.<\/p>\n\n\n\n<p>Dos principios b\u00e1sicos del gobierno republicano eran que el ejercicio del cargo hab\u00eda de ser siempre temporal y que, excepto en caso de emergencia, cuando un hombre pod\u00eda tomar el control durante un breve periodo, el poder deb\u00eda ser compartido. Agrega: \u201cLa idea de que la rep\u00fablica se fund\u00f3 bas\u00e1ndose en la&nbsp;<em>libertas<\/em>&nbsp;retumba con fuerza a lo largo de la literatura romana y ha resonado a trav\u00e9s de los movimientos radicales de siglos posteriores en Europa y Am\u00e9rica\u201d. Se\u00f1ala que \u201cel Senado, que por entonces estaba al frente de las finanzas de Roma, era responsable de las delegaciones enviadas a y desde otras ciudades y de la supervisi\u00f3n&nbsp;de facto&nbsp;de la ley y la seguridad en todo el territorio romano y aliado representaba el elemento aristocr\u00e1tico\u201d. El historiador Polibio afirma que el secreto resid\u00eda en \u201cuna delicada relaci\u00f3n de equilibrio de poderes entre c\u00f3nsules, el senado y el pueblo para que ni la monarqu\u00eda ni la aristocracia ni la democracia prevalecieran por completo\u201d.<\/p>\n\n\n\n<p>El debate era intenso y de gran calidad. Siempre se discut\u00eda entre el ideal y la realidad. Cicer\u00f3n lo expresa con claridad: \u201cCat\u00f3n habla como si estuviera en la Rep\u00fablica de Plat\u00f3n, cuando de hecho est\u00e1 en la mierda de Roma\u201d.<\/p>\n\n\n\n<p>\u00a1Cu\u00e1ntas lecciones se pueden recoger de aquel destello de sabidur\u00eda pol\u00edtica!<\/p>\n\n\n\n<p>Hemos focalizado la lucha pol\u00edtica en las elecciones de los ejecutivos, tanto nacionales como locales. Los partidos ponen su atenci\u00f3n en los candidatos a esos cargos. Las posiciones de los representantes populares son prebendas a repartir, pagos por apoyos recibidos, compromisos derivados de complicidades, personajes con recursos que garanticen el triunfo en las urnas. Las consecuencias est\u00e1n a la vista, con notables e individuales excepciones.<\/p>\n\n\n\n<p>Urge mejorar nuestras asambleas federales y estatales. Ello exige postular a quienes tengan perfil parlamentario. No propongo grupos de notables ajenos al electorado, pero s\u00ed buscar un equilibrio como se acostumbra en democracias aut\u00e9nticas.<\/p>\n\n\n\n<p>Empat\u00eda, compasi\u00f3n, piedad, decencia, solidaridad, humanidad. Ll\u00e1mele como quiera, pero eso es lo que requerimos. \u00bfC\u00f3mo lograrlo? Mejorando nuestros puentes de entendimiento. Es evidente el fracaso de la forma de hacer pol\u00edtica de los \u00faltimos tiempos. Nuestra pervertida democracia atrofi\u00f3 a\u00fan m\u00e1s la endeble cohesi\u00f3n social. La 4T no es m\u00e1s que la culminaci\u00f3n de nuestra tragedia. Tiene raz\u00f3n Jos\u00e9 Ortega y Gasset: \u201cPara entender un di\u00e1logo, hay que interpretar en reciprocidad los dos mon\u00f3logos\u201d.<\/p>\n","protected":false},"excerpt":{"rendered":"<p>Juan Jos\u00e9 Rodr\u00edguez Prats El ansia de encontrar la dimensi\u00f3n de una verdad completa. Jaime Torres Bodet A la pregunta \u201c\u00bfQu\u00e9 es lo m\u00e1s dif\u00edcil?\u201d, Goethe se contestaba: \u201cVer con los ojos lo que ante los ojos se encuentra\u201d. Hace muchos a\u00f1os platicaba con un connotado jurista y pol\u00edtico sobre cu\u00e1l de los tres poderes [&hellip;]<\/p>\n","protected":false},"author":17,"featured_media":45895,"comment_status":"open","ping_status":"open","sticky":false,"template":"","format":"standard","meta":{"_monsterinsights_skip_tracking":false,"_monsterinsights_sitenote_active":false,"_monsterinsights_sitenote_note":"","_monsterinsights_sitenote_category":0,"footnotes":""},"categories":[614],"tags":[397],"class_list":["post-45894","post","type-post","status-publish","format-standard","has-post-thumbnail","hentry","category-politica-de-principios","tag-juan-jose-rodriguez-prats-2","wp-image-borders"],"amp_enabled":true,"_links":{"self":[{"href":"https:\/\/nvnoticias.mx\/index.php\/wp-json\/wp\/v2\/posts\/45894","targetHints":{"allow":["GET"]}}],"collection":[{"href":"https:\/\/nvnoticias.mx\/index.php\/wp-json\/wp\/v2\/posts"}],"about":[{"href":"https:\/\/nvnoticias.mx\/index.php\/wp-json\/wp\/v2\/types\/post"}],"author":[{"embeddable":true,"href":"https:\/\/nvnoticias.mx\/index.php\/wp-json\/wp\/v2\/users\/17"}],"replies":[{"embeddable":true,"href":"https:\/\/nvnoticias.mx\/index.php\/wp-json\/wp\/v2\/comments?post=45894"}],"version-history":[{"count":1,"href":"https:\/\/nvnoticias.mx\/index.php\/wp-json\/wp\/v2\/posts\/45894\/revisions"}],"predecessor-version":[{"id":45896,"href":"https:\/\/nvnoticias.mx\/index.php\/wp-json\/wp\/v2\/posts\/45894\/revisions\/45896"}],"wp:featuredmedia":[{"embeddable":true,"href":"https:\/\/nvnoticias.mx\/index.php\/wp-json\/wp\/v2\/media\/45895"}],"wp:attachment":[{"href":"https:\/\/nvnoticias.mx\/index.php\/wp-json\/wp\/v2\/media?parent=45894"}],"wp:term":[{"taxonomy":"category","embeddable":true,"href":"https:\/\/nvnoticias.mx\/index.php\/wp-json\/wp\/v2\/categories?post=45894"},{"taxonomy":"post_tag","embeddable":true,"href":"https:\/\/nvnoticias.mx\/index.php\/wp-json\/wp\/v2\/tags?post=45894"}],"curies":[{"name":"wp","href":"https:\/\/api.w.org\/{rel}","templated":true}]}}