{"id":45771,"date":"2022-03-17T16:29:03","date_gmt":"2022-03-17T22:29:03","guid":{"rendered":"https:\/\/nvnoticias.mx\/?p=45771"},"modified":"2022-03-17T16:29:05","modified_gmt":"2022-03-17T22:29:05","slug":"se-pronuncia-alessandra-rosaldo-sobre-las-acusaciones-de-abuso-hacia-eugenio-derbez","status":"publish","type":"post","link":"https:\/\/nvnoticias.mx\/index.php\/2022\/03\/17\/se-pronuncia-alessandra-rosaldo-sobre-las-acusaciones-de-abuso-hacia-eugenio-derbez\/","title":{"rendered":"Se pronuncia Alessandra Rosaldo sobre las acusaciones de abuso hacia Eugenio Derbez"},"content":{"rendered":"\n<p>La denuncia p\u00fablica de\u00a0Sasha Sokol\u00a0sobre el abuso que vivi\u00f3 por parte de\u00a0Luis de Llano\u00a0ha llevado a varios usuarios en redes sociales a especular sobre qui\u00e9nes ser\u00edan los siguientes en ser expuestos.\u00a0<\/p>\n\n\n\n<p>En medio de la conversaci\u00f3n, un usuario lanz\u00f3 un comentario sobre\u00a0Eugenio Derbez, asegurando que\u00a0Regina Bland\u00f3n, quien interpret\u00f3 a su hija en\u00a0<em>Familia P.Luche<\/em>\u00a0no tardar\u00eda en pronunciarse.<\/p>\n\n\n\n<p>Regina, quien siempre ha mostrado su total apoyo a la lucha por los derechos de las mujeres y contra la violencia de g\u00e9nero, no tard\u00f3 en responder a este usuario, invit\u00e1ndolo a tomar con mayor seriedad esta situaci\u00f3n.<\/p>\n\n\n\n<p>Asimismo defendi\u00f3 contundentemente al actor, a quien claramente le tiene mucho respeto y cari\u00f1o.<\/p>\n\n\n\n<p>Sobre este tema, la prensa recientemente cuestion\u00f3 a\u00a0Alessandra Rosaldo, quien se\u00f1al\u00f3 que meter\u00eda\u00a0<em>las manos al fuego<\/em>\u00a0por su esposo.\u00a0<\/p>\n\n\n\n<blockquote class=\"wp-block-quote is-layout-flow wp-block-quote-is-layout-flow\"><p>&#8220;\u00a1Ay Dios M\u00edo! \u00a1Jam\u00e1s! Yo tambi\u00e9n meto las manos al fuego por \u00e9l, porque si existe un hombre caballeroso en esta vida, es mi marido&#8221;<\/p><\/blockquote>\n\n\n\n<p>Fuente: <a href=\"https:\/\/www.eonline.com\/mx\/news\/1323608\/alessandra-rosaldo-se-pronuncia-sobre-las-acusaciones-de-abuso-hacia-eugenio-derbez\" data-type=\"URL\" data-id=\"https:\/\/www.eonline.com\/mx\/news\/1323608\/alessandra-rosaldo-se-pronuncia-sobre-las-acusaciones-de-abuso-hacia-eugenio-derbez\">E!<\/a><\/p>\n","protected":false},"excerpt":{"rendered":"<p>La denuncia p\u00fablica de\u00a0Sasha Sokol\u00a0sobre el abuso que vivi\u00f3 por parte de\u00a0Luis de Llano\u00a0ha llevado a varios usuarios en redes sociales a especular sobre qui\u00e9nes ser\u00edan los siguientes en ser expuestos.\u00a0 En medio de la conversaci\u00f3n, un usuario lanz\u00f3 un comentario sobre\u00a0Eugenio Derbez, asegurando que\u00a0Regina Bland\u00f3n, quien interpret\u00f3 a su hija en\u00a0Familia P.Luche\u00a0no tardar\u00eda en [&hellip;]<\/p>\n","protected":false},"author":35,"featured_media":45774,"comment_status":"open","ping_status":"open","sticky":false,"template":"","format":"standard","meta":{"_monsterinsights_skip_tracking":false,"_monsterinsights_sitenote_active":false,"_monsterinsights_sitenote_note":"","_monsterinsights_sitenote_category":0,"footnotes":""},"categories":[576],"tags":[2946,6672,12037,7368,12038],"class_list":["post-45771","post","type-post","status-publish","format-standard","has-post-thumbnail","hentry","category-ocio","tag-abuso","tag-acusaciones","tag-alessandra-rosaldo","tag-eugenio-derbez","tag-regina-blandon","wp-image-borders"],"amp_enabled":true,"_links":{"self":[{"href":"https:\/\/nvnoticias.mx\/index.php\/wp-json\/wp\/v2\/posts\/45771","targetHints":{"allow":["GET"]}}],"collection":[{"href":"https:\/\/nvnoticias.mx\/index.php\/wp-json\/wp\/v2\/posts"}],"about":[{"href":"https:\/\/nvnoticias.mx\/index.php\/wp-json\/wp\/v2\/types\/post"}],"author":[{"embeddable":true,"href":"https:\/\/nvnoticias.mx\/index.php\/wp-json\/wp\/v2\/users\/35"}],"replies":[{"embeddable":true,"href":"https:\/\/nvnoticias.mx\/index.php\/wp-json\/wp\/v2\/comments?post=45771"}],"version-history":[{"count":1,"href":"https:\/\/nvnoticias.mx\/index.php\/wp-json\/wp\/v2\/posts\/45771\/revisions"}],"predecessor-version":[{"id":45775,"href":"https:\/\/nvnoticias.mx\/index.php\/wp-json\/wp\/v2\/posts\/45771\/revisions\/45775"}],"wp:featuredmedia":[{"embeddable":true,"href":"https:\/\/nvnoticias.mx\/index.php\/wp-json\/wp\/v2\/media\/45774"}],"wp:attachment":[{"href":"https:\/\/nvnoticias.mx\/index.php\/wp-json\/wp\/v2\/media?parent=45771"}],"wp:term":[{"taxonomy":"category","embeddable":true,"href":"https:\/\/nvnoticias.mx\/index.php\/wp-json\/wp\/v2\/categories?post=45771"},{"taxonomy":"post_tag","embeddable":true,"href":"https:\/\/nvnoticias.mx\/index.php\/wp-json\/wp\/v2\/tags?post=45771"}],"curies":[{"name":"wp","href":"https:\/\/api.w.org\/{rel}","templated":true}]}}