{"id":45706,"date":"2022-03-17T12:27:15","date_gmt":"2022-03-17T18:27:15","guid":{"rendered":"https:\/\/nvnoticias.mx\/?p=45706"},"modified":"2022-03-17T12:29:53","modified_gmt":"2022-03-17T18:29:53","slug":"sin-homicidios-dolosos-en-veracruz-en-las-ultimas-24-horas","status":"publish","type":"post","link":"https:\/\/nvnoticias.mx\/index.php\/2022\/03\/17\/sin-homicidios-dolosos-en-veracruz-en-las-ultimas-24-horas\/","title":{"rendered":"Sin homicidios dolosos en Veracruz en las \u00faltimas 24 horas"},"content":{"rendered":"\n<p><strong>Sam Ojeda\u00a0\/ NV Noticias<\/strong><\/p>\n\n\n\n<p>Xalapa.- El gobernador de Veracruz, Cuitl\u00e1huac Garc\u00eda Jim\u00e9nez, inform\u00f3 que en Veracruz no se registraron homicidios dolosos entre este mi\u00e9rcoles y jueves.<\/p>\n\n\n\n<p>El mandatario asegur\u00f3 que su gobierno va \u201ctranquilizando Veracruz como no se hab\u00eda visto en d\u00e9cadas, tras la mesa de coordinaci\u00f3n para la construcci\u00f3n de la paz.<\/p>\n\n\n\n<blockquote class=\"wp-block-quote is-layout-flow wp-block-quote-is-layout-flow\"><p>\u201c<em>Seguimos avanzando en materia de seguridad y justicia. En las reuniones diarias de trabajo de la Coordinaci\u00f3n Estatal para la Construcci\u00f3n de la Paz, se report\u00f3 que de ayer a hoy no hubo ning\u00fan homicidio doloso en todo el estado<\/em>\u201d.<\/p><\/blockquote>\n\n\n\n<p>A trav\u00e9s de sus redes sociales dijo que la Fiscal\u00eda General de Veracruz (FGE) logr\u00f3 la sentencia de c\u00e1rcel por 70 a\u00f1os contra Jos\u00e9 Carlos &#8220;N&#8221; por un feminicidio sucedido en noviembre del 2019.<\/p>\n\n\n\n<p>A\u00f1adi\u00f3 que \u201cel esfuerzo por garantizar cero impunidad va dando resultados\u201d y que la FGE y Poder Judicial del Estado lograron mantener en c\u00e1rcel con una sentencia de 90 a\u00f1os a Ram\u00f3n Eduardo \u201cN\u201d, alias el Bachiller o Comandante 40, por secuestro agravado en el \u00e1rea de P\u00e1nuco.\u00a0<\/p>\n\n\n\n<p>Detall\u00f3 que adem\u00e1s se cumplimentaron 20 aprehensiones por mandamiento judicial y 8 aprehensiones en flagrancia en las \u00faltimas 24 horas.<\/p>\n\n\n\n<blockquote class=\"wp-block-quote is-layout-flow wp-block-quote-is-layout-flow\"><p>\u201c<em>Apoyados en la estrategia de seguridad nacional que avanza principalmente en el bienestar de la poblaci\u00f3n, vamos poco a poco tranquilizando Veracruz como no se hab\u00eda visto en d\u00e9cadas<\/em>\u201d, dijo.<\/p><\/blockquote>\n","protected":false},"excerpt":{"rendered":"<p>Sam Ojeda\u00a0\/ NV Noticias Xalapa.- El gobernador de Veracruz, Cuitl\u00e1huac Garc\u00eda Jim\u00e9nez, inform\u00f3 que en Veracruz no se registraron homicidios dolosos entre este mi\u00e9rcoles y jueves. El mandatario asegur\u00f3 que su gobierno va \u201ctranquilizando Veracruz como no se hab\u00eda visto en d\u00e9cadas, tras la mesa de coordinaci\u00f3n para la construcci\u00f3n de la paz. \u201cSeguimos avanzando [&hellip;]<\/p>\n","protected":false},"author":8,"featured_media":21263,"comment_status":"open","ping_status":"open","sticky":false,"template":"","format":"standard","meta":{"_monsterinsights_skip_tracking":false,"_monsterinsights_sitenote_active":false,"_monsterinsights_sitenote_note":"","_monsterinsights_sitenote_category":0,"footnotes":""},"categories":[156],"tags":[7498,162,180],"class_list":["post-45706","post","type-post","status-publish","format-standard","has-post-thumbnail","hentry","category-estado","tag-homicidios-dolosos","tag-portada","tag-veracruz","wp-image-borders"],"amp_enabled":true,"_links":{"self":[{"href":"https:\/\/nvnoticias.mx\/index.php\/wp-json\/wp\/v2\/posts\/45706","targetHints":{"allow":["GET"]}}],"collection":[{"href":"https:\/\/nvnoticias.mx\/index.php\/wp-json\/wp\/v2\/posts"}],"about":[{"href":"https:\/\/nvnoticias.mx\/index.php\/wp-json\/wp\/v2\/types\/post"}],"author":[{"embeddable":true,"href":"https:\/\/nvnoticias.mx\/index.php\/wp-json\/wp\/v2\/users\/8"}],"replies":[{"embeddable":true,"href":"https:\/\/nvnoticias.mx\/index.php\/wp-json\/wp\/v2\/comments?post=45706"}],"version-history":[{"count":1,"href":"https:\/\/nvnoticias.mx\/index.php\/wp-json\/wp\/v2\/posts\/45706\/revisions"}],"predecessor-version":[{"id":45711,"href":"https:\/\/nvnoticias.mx\/index.php\/wp-json\/wp\/v2\/posts\/45706\/revisions\/45711"}],"wp:featuredmedia":[{"embeddable":true,"href":"https:\/\/nvnoticias.mx\/index.php\/wp-json\/wp\/v2\/media\/21263"}],"wp:attachment":[{"href":"https:\/\/nvnoticias.mx\/index.php\/wp-json\/wp\/v2\/media?parent=45706"}],"wp:term":[{"taxonomy":"category","embeddable":true,"href":"https:\/\/nvnoticias.mx\/index.php\/wp-json\/wp\/v2\/categories?post=45706"},{"taxonomy":"post_tag","embeddable":true,"href":"https:\/\/nvnoticias.mx\/index.php\/wp-json\/wp\/v2\/tags?post=45706"}],"curies":[{"name":"wp","href":"https:\/\/api.w.org\/{rel}","templated":true}]}}