{"id":45653,"date":"2022-03-17T09:48:47","date_gmt":"2022-03-17T15:48:47","guid":{"rendered":"https:\/\/nvnoticias.mx\/?p=45653"},"modified":"2022-03-17T09:48:48","modified_gmt":"2022-03-17T15:48:48","slug":"se-registran-80-casos-de-feminicidios-en-mexico-durante-febrero","status":"publish","type":"post","link":"https:\/\/nvnoticias.mx\/index.php\/2022\/03\/17\/se-registran-80-casos-de-feminicidios-en-mexico-durante-febrero\/","title":{"rendered":"Se registran 80 casos de feminicidios en M\u00e9xico durante febrero"},"content":{"rendered":"\n<p>La Secretar\u00eda de Seguridad P\u00fablica registr\u00f3&nbsp;<strong>80 feminicidios en febrero de 2022<\/strong>, una disminuci\u00f3n del 29.2 por ciento a comparaci\u00f3n del m\u00e1ximo hist\u00f3rico en agosto de 2021 cuando se reportaron 113 casos.<\/p>\n\n\n\n<p>Sin embargo,\u00a0<strong>aument\u00f3 a comparaci\u00f3n de enero<\/strong>, mes en el que se registraron 77 de estos delitos.<\/p>\n\n\n\n<p>En el a\u00f1o\u00a0<strong>2021, se cometieron mil 6 feminicidios<\/strong>\u00a0en todo el pa\u00eds. Mayo y agosto fueron los meses donde se presentaron una mayor cantidad de delitos, 110 y 113 respectivamente.<\/p>\n\n\n\n<p>Fuente: El financiero <\/p>\n","protected":false},"excerpt":{"rendered":"<p>La Secretar\u00eda de Seguridad P\u00fablica registr\u00f3&nbsp;80 feminicidios en febrero de 2022, una disminuci\u00f3n del 29.2 por ciento a comparaci\u00f3n del m\u00e1ximo hist\u00f3rico en agosto de 2021 cuando se reportaron 113 casos. Sin embargo,\u00a0aument\u00f3 a comparaci\u00f3n de enero, mes en el que se registraron 77 de estos delitos. En el a\u00f1o\u00a02021, se cometieron mil 6 feminicidios\u00a0en [&hellip;]<\/p>\n","protected":false},"author":35,"featured_media":473,"comment_status":"open","ping_status":"open","sticky":false,"template":"","format":"standard","meta":{"_monsterinsights_skip_tracking":false,"_monsterinsights_sitenote_active":false,"_monsterinsights_sitenote_note":"","_monsterinsights_sitenote_category":0,"footnotes":""},"categories":[157],"tags":[2456,202,8583],"class_list":["post-45653","post","type-post","status-publish","format-standard","has-post-thumbnail","hentry","category-nacional","tag-febrero","tag-feminicidios","tag-registran","wp-image-borders"],"amp_enabled":true,"_links":{"self":[{"href":"https:\/\/nvnoticias.mx\/index.php\/wp-json\/wp\/v2\/posts\/45653","targetHints":{"allow":["GET"]}}],"collection":[{"href":"https:\/\/nvnoticias.mx\/index.php\/wp-json\/wp\/v2\/posts"}],"about":[{"href":"https:\/\/nvnoticias.mx\/index.php\/wp-json\/wp\/v2\/types\/post"}],"author":[{"embeddable":true,"href":"https:\/\/nvnoticias.mx\/index.php\/wp-json\/wp\/v2\/users\/35"}],"replies":[{"embeddable":true,"href":"https:\/\/nvnoticias.mx\/index.php\/wp-json\/wp\/v2\/comments?post=45653"}],"version-history":[{"count":2,"href":"https:\/\/nvnoticias.mx\/index.php\/wp-json\/wp\/v2\/posts\/45653\/revisions"}],"predecessor-version":[{"id":45655,"href":"https:\/\/nvnoticias.mx\/index.php\/wp-json\/wp\/v2\/posts\/45653\/revisions\/45655"}],"wp:featuredmedia":[{"embeddable":true,"href":"https:\/\/nvnoticias.mx\/index.php\/wp-json\/wp\/v2\/media\/473"}],"wp:attachment":[{"href":"https:\/\/nvnoticias.mx\/index.php\/wp-json\/wp\/v2\/media?parent=45653"}],"wp:term":[{"taxonomy":"category","embeddable":true,"href":"https:\/\/nvnoticias.mx\/index.php\/wp-json\/wp\/v2\/categories?post=45653"},{"taxonomy":"post_tag","embeddable":true,"href":"https:\/\/nvnoticias.mx\/index.php\/wp-json\/wp\/v2\/tags?post=45653"}],"curies":[{"name":"wp","href":"https:\/\/api.w.org\/{rel}","templated":true}]}}