{"id":45642,"date":"2022-03-16T19:08:58","date_gmt":"2022-03-17T01:08:58","guid":{"rendered":"https:\/\/nvnoticias.mx\/?p=45642"},"modified":"2022-03-16T19:08:59","modified_gmt":"2022-03-17T01:08:59","slug":"detienen-a-11-policias-estatales-por-presunta-desaparicion-forzada","status":"publish","type":"post","link":"https:\/\/nvnoticias.mx\/index.php\/2022\/03\/16\/detienen-a-11-policias-estatales-por-presunta-desaparicion-forzada\/","title":{"rendered":"Detienen a 11 polic\u00edas estatales por presunta desaparici\u00f3n forzada"},"content":{"rendered":"\n<p>La Secretar\u00eda de Seguridad P\u00fablica de Veracruz inform\u00f3 que detuvo a 11 elementos de la misma corporaci\u00f3n, quienes en 2015 presuntamente participaron en el delito de desaparici\u00f3n forzada de 15 personas. <\/p>\n\n\n\n<p>La detenci\u00f3n se dio en cumplimiento de las \u00f3rdenes de aprehensi\u00f3n.\u00a0La intervenci\u00f3n se registr\u00f3 en la localidad El Lencero, municipio de Emiliano Zapata. <\/p>\n\n\n\n<p>Los detenidos fueron puestos a disposici\u00f3n del juez que obsequi\u00f3 los mandatos judiciales para que respondan sobre los hechos que se investigan. <\/p>\n\n\n\n<p>El titular de la Secretar\u00eda de Seguridad P\u00fablica, Hugo Guti\u00e9rrez Maldonado, inform\u00f3 sobre la detenci\u00f3n de los 11 elementos de la dependencia estatal y apunt\u00f3 que la SSP no va a permitir actos de abuso de poder y corrupci\u00f3n de a\u00f1os pasados y del presente. <\/p>\n\n\n\n<p>Los elementos detenidos estar\u00edan relacionados con el mismo caso de desaparici\u00f3n forzada por el que en febrero de 2018 fueron detenidos 16 polic\u00edas y tres mandos, incluyendo a Arturo Berm\u00fadez Zurita, quien fue secretario de Seguridad P\u00fablica estatal durante el sexenio del ex gobernador Javier Duarte. <\/p>\n\n\n\n<p>Fuente: <a href=\"https:\/\/www.milenio.com\/estados\/veracruz-detienen-11-policias-estatales-desaparicion-forzada\">Milenio<\/a><\/p>\n","protected":false},"excerpt":{"rendered":"<p>La Secretar\u00eda de Seguridad P\u00fablica de Veracruz inform\u00f3 que detuvo a 11 elementos de la misma corporaci\u00f3n, quienes en 2015 presuntamente participaron en el delito de desaparici\u00f3n forzada de 15 personas. La detenci\u00f3n se dio en cumplimiento de las \u00f3rdenes de aprehensi\u00f3n.\u00a0La intervenci\u00f3n se registr\u00f3 en la localidad El Lencero, municipio de Emiliano Zapata. Los [&hellip;]<\/p>\n","protected":false},"author":8,"featured_media":16936,"comment_status":"open","ping_status":"open","sticky":false,"template":"","format":"standard","meta":{"_monsterinsights_skip_tracking":false,"_monsterinsights_sitenote_active":false,"_monsterinsights_sitenote_note":"","_monsterinsights_sitenote_category":0,"footnotes":""},"categories":[156],"tags":[3050,788,2592,11994],"class_list":["post-45642","post","type-post","status-publish","format-standard","has-post-thumbnail","hentry","category-estado","tag-desaparicion-forzada","tag-detenidos","tag-hugo-gutierrez-maldonado","tag-policias-4","wp-image-borders"],"amp_enabled":true,"_links":{"self":[{"href":"https:\/\/nvnoticias.mx\/index.php\/wp-json\/wp\/v2\/posts\/45642","targetHints":{"allow":["GET"]}}],"collection":[{"href":"https:\/\/nvnoticias.mx\/index.php\/wp-json\/wp\/v2\/posts"}],"about":[{"href":"https:\/\/nvnoticias.mx\/index.php\/wp-json\/wp\/v2\/types\/post"}],"author":[{"embeddable":true,"href":"https:\/\/nvnoticias.mx\/index.php\/wp-json\/wp\/v2\/users\/8"}],"replies":[{"embeddable":true,"href":"https:\/\/nvnoticias.mx\/index.php\/wp-json\/wp\/v2\/comments?post=45642"}],"version-history":[{"count":1,"href":"https:\/\/nvnoticias.mx\/index.php\/wp-json\/wp\/v2\/posts\/45642\/revisions"}],"predecessor-version":[{"id":45643,"href":"https:\/\/nvnoticias.mx\/index.php\/wp-json\/wp\/v2\/posts\/45642\/revisions\/45643"}],"wp:featuredmedia":[{"embeddable":true,"href":"https:\/\/nvnoticias.mx\/index.php\/wp-json\/wp\/v2\/media\/16936"}],"wp:attachment":[{"href":"https:\/\/nvnoticias.mx\/index.php\/wp-json\/wp\/v2\/media?parent=45642"}],"wp:term":[{"taxonomy":"category","embeddable":true,"href":"https:\/\/nvnoticias.mx\/index.php\/wp-json\/wp\/v2\/categories?post=45642"},{"taxonomy":"post_tag","embeddable":true,"href":"https:\/\/nvnoticias.mx\/index.php\/wp-json\/wp\/v2\/tags?post=45642"}],"curies":[{"name":"wp","href":"https:\/\/api.w.org\/{rel}","templated":true}]}}