{"id":45568,"date":"2022-03-16T13:47:05","date_gmt":"2022-03-16T19:47:05","guid":{"rendered":"https:\/\/nvnoticias.mx\/?p=45568"},"modified":"2022-03-16T13:50:02","modified_gmt":"2022-03-16T19:50:02","slug":"niega-transito-contubernio-entre-agentes-y-empresas-de-gruas","status":"publish","type":"post","link":"https:\/\/nvnoticias.mx\/index.php\/2022\/03\/16\/niega-transito-contubernio-entre-agentes-y-empresas-de-gruas\/","title":{"rendered":"Niega tr\u00e1nsito contubernio entre agentes y empresas de gr\u00faas"},"content":{"rendered":"\n<p><strong>Sam Ojeda&nbsp;\/ NV Noticias<\/strong><\/p>\n\n\n\n<p>Xalapa.- El director de Tr\u00e1nsito y Seguridad Vial, Jos\u00e9 Antonio Camps Valencia, neg\u00f3 haya contubernio entre agentes de transito y empresas de gr\u00faas en detrimento de los ciudadanos.&nbsp;<\/p>\n\n\n\n<p>En entrevista, el funcionario afirm\u00f3 que los agentes hacen videos y cuentan con pruebas que respaldan las multas y los montos de estas.&nbsp;<\/p>\n\n\n\n<blockquote class=\"wp-block-quote is-layout-flow wp-block-quote-is-layout-flow\"><p>\u201c<em>La verdad no (hay colusi\u00f3n), las empresas prestan un servicio auxiliar y no tengo quejas por escrito, por eso hago el exhorto de que nos hagan llegar las quejas. Las tarifas est\u00e1n publicadas en la Gaceta y estamos en constante vigilancia<\/em>\u201d.<\/p><\/blockquote>\n\n\n\n<p>Dijo que en todo caso quienes se sienta agraviados deben hacer llegar a la Direcci\u00f3n de Transporte las quejas para que la canalicen y hagan lo conducente.<\/p>\n\n\n\n<blockquote class=\"wp-block-quote is-layout-flow wp-block-quote-is-layout-flow\"><p><em>\u201cLos oficiales toman foto y video de que efectivamente la gente se estaciona sobre lugares prohibidos, con se\u00f1alamientos<\/em>\u201d, dijo.<\/p><\/blockquote>\n\n\n\n<p>Incluso, reconoci\u00f3 que el alcalde de Xalapa, Ricardo Ahued Bardahuil, ha solicitado su ayuda para atender este tema, aunque asegur\u00f3 que est\u00e1 consciente de que a la poblaci\u00f3n le \u201chace falta cultural vial\u201d.&nbsp;<\/p>\n","protected":false},"excerpt":{"rendered":"<p>Sam Ojeda&nbsp;\/ NV Noticias Xalapa.- El director de Tr\u00e1nsito y Seguridad Vial, Jos\u00e9 Antonio Camps Valencia, neg\u00f3 haya contubernio entre agentes de transito y empresas de gr\u00faas en detrimento de los ciudadanos.&nbsp; En entrevista, el funcionario afirm\u00f3 que los agentes hacen videos y cuentan con pruebas que respaldan las multas y los montos de estas.&nbsp; [&hellip;]<\/p>\n","protected":false},"author":8,"featured_media":45573,"comment_status":"open","ping_status":"open","sticky":false,"template":"","format":"standard","meta":{"_monsterinsights_skip_tracking":false,"_monsterinsights_sitenote_active":false,"_monsterinsights_sitenote_note":"","_monsterinsights_sitenote_category":0,"footnotes":""},"categories":[156],"tags":[6925,8390,11975,5171],"class_list":["post-45568","post","type-post","status-publish","format-standard","has-post-thumbnail","hentry","category-estado","tag-agentes","tag-gruas","tag-jose-antonio-camps-valencia","tag-transito-del-estado","wp-image-borders"],"amp_enabled":true,"_links":{"self":[{"href":"https:\/\/nvnoticias.mx\/index.php\/wp-json\/wp\/v2\/posts\/45568","targetHints":{"allow":["GET"]}}],"collection":[{"href":"https:\/\/nvnoticias.mx\/index.php\/wp-json\/wp\/v2\/posts"}],"about":[{"href":"https:\/\/nvnoticias.mx\/index.php\/wp-json\/wp\/v2\/types\/post"}],"author":[{"embeddable":true,"href":"https:\/\/nvnoticias.mx\/index.php\/wp-json\/wp\/v2\/users\/8"}],"replies":[{"embeddable":true,"href":"https:\/\/nvnoticias.mx\/index.php\/wp-json\/wp\/v2\/comments?post=45568"}],"version-history":[{"count":2,"href":"https:\/\/nvnoticias.mx\/index.php\/wp-json\/wp\/v2\/posts\/45568\/revisions"}],"predecessor-version":[{"id":45577,"href":"https:\/\/nvnoticias.mx\/index.php\/wp-json\/wp\/v2\/posts\/45568\/revisions\/45577"}],"wp:featuredmedia":[{"embeddable":true,"href":"https:\/\/nvnoticias.mx\/index.php\/wp-json\/wp\/v2\/media\/45573"}],"wp:attachment":[{"href":"https:\/\/nvnoticias.mx\/index.php\/wp-json\/wp\/v2\/media?parent=45568"}],"wp:term":[{"taxonomy":"category","embeddable":true,"href":"https:\/\/nvnoticias.mx\/index.php\/wp-json\/wp\/v2\/categories?post=45568"},{"taxonomy":"post_tag","embeddable":true,"href":"https:\/\/nvnoticias.mx\/index.php\/wp-json\/wp\/v2\/tags?post=45568"}],"curies":[{"name":"wp","href":"https:\/\/api.w.org\/{rel}","templated":true}]}}