{"id":45560,"date":"2022-03-16T13:31:52","date_gmt":"2022-03-16T19:31:52","guid":{"rendered":"https:\/\/nvnoticias.mx\/?p=45560"},"modified":"2022-03-16T13:31:54","modified_gmt":"2022-03-16T19:31:54","slug":"publica-senado-dictamen-que-permite-propaganda-de-revocacion-de-mandato","status":"publish","type":"post","link":"https:\/\/nvnoticias.mx\/index.php\/2022\/03\/16\/publica-senado-dictamen-que-permite-propaganda-de-revocacion-de-mandato\/","title":{"rendered":"Publica Senado dictamen que permite propaganda de revocaci\u00f3n de mandato"},"content":{"rendered":"\n<p>La Gaceta Parlamentaria del<strong>\u00a0Senado<\/strong>\u00a0de la Rep\u00fablica\u00a0<strong>public\u00f3\u00a0<\/strong>el\u00a0<strong>dictamen\u00a0<\/strong>a la minuta que establece que la difusi\u00f3n de la<strong>\u00a0consulta popular\u00a0<\/strong>sobre la<strong>\u00a0revocaci\u00f3n de mandato<\/strong>\u00a0del pr\u00f3ximo 10 de abril no es propaganda, por lo que su divulgaci\u00f3n por parte de cualquier funcionario p\u00fablico no ser\u00e1 considerada ilegal, aun en veda.<\/p>\n\n\n\n<p>El dictamen se prev\u00e9 sea dispensado en la primera lectura y de inmediato puesto a debate para su aprobaci\u00f3n por mayor\u00eda simple, por lo que Morena y sus aliados, con 75 votos en total, lo aprobar\u00edan si dificultad a pesar de la oposici\u00f3n del llamado bloque de contenci\u00f3n quien anunci\u00f3 que acudir\u00e1n a la Corte para impugnar este decreto.<\/p>\n\n\n\n<p>El dictamen establece que se entender\u00e1 como propaganda gubernamental \u201cel conjunto de escritos, publicaciones, im\u00e1genes, grabaciones y proyecciones difundidas, bajo cualquier modalidad de comunicaci\u00f3n social, con cargo al presupuesto p\u00fablico, etiquetado de manera espec\u00edfica para ese fin, por un ente p\u00fablico\u201d.<\/p>\n\n\n\n<p>Asimismo, se advierte que: \u201cNo constituyen propaganda gubernamental las expresiones de las personas servidoras p\u00fablicas, las cuales se encuentran sujetas a los l\u00edmites establecidos en las leyes aplicables. Tampoco constituye propaganda gubernamental la informaci\u00f3n de inter\u00e9s p\u00fablico\u201d.<\/p>\n\n\n\n<p>Se prev\u00e9 un largo debate en la sesi\u00f3n de este mi\u00e9rcoles en donde la oposici\u00f3n presentar\u00e1 una moci\u00f3n suspensiva y votos particulares para buscar frenar el llamado \u201cdecretazo\u201d que dar\u00e1 cancha libre para la promoci\u00f3n de funcionarios federales, incluido el Presidente de la Rep\u00fablica, y gobernadores para promocionar y llamar a participar en la revocaci\u00f3n de mandato el pr\u00f3ximo 10 de abril.<\/p>\n\n\n\n<p>Fuente: <a href=\"https:\/\/www.eluniversal.com.mx\/nacion\/publica-senado-dictamen-que-permite-propaganda-de-revocacion-de-mandato\" data-type=\"URL\" data-id=\"https:\/\/www.eluniversal.com.mx\/nacion\/publica-senado-dictamen-que-permite-propaganda-de-revocacion-de-mandato\">El Universal<\/a><\/p>\n","protected":false},"excerpt":{"rendered":"<p>La Gaceta Parlamentaria del\u00a0Senado\u00a0de la Rep\u00fablica\u00a0public\u00f3\u00a0el\u00a0dictamen\u00a0a la minuta que establece que la difusi\u00f3n de la\u00a0consulta popular\u00a0sobre la\u00a0revocaci\u00f3n de mandato\u00a0del pr\u00f3ximo 10 de abril no es propaganda, por lo que su divulgaci\u00f3n por parte de cualquier funcionario p\u00fablico no ser\u00e1 considerada ilegal, aun en veda. El dictamen se prev\u00e9 sea dispensado en la primera lectura y [&hellip;]<\/p>\n","protected":false},"author":35,"featured_media":44535,"comment_status":"open","ping_status":"open","sticky":false,"template":"","format":"standard","meta":{"_monsterinsights_skip_tracking":false,"_monsterinsights_sitenote_active":false,"_monsterinsights_sitenote_note":"","_monsterinsights_sitenote_category":0,"footnotes":""},"categories":[158],"tags":[11971,8719,3993,5354,369],"class_list":["post-45560","post","type-post","status-publish","format-standard","has-post-thumbnail","hentry","category-politica","tag-dictamente","tag-permite","tag-propaganda","tag-revocacion-de-mandato","tag-senado","wp-image-borders"],"amp_enabled":true,"_links":{"self":[{"href":"https:\/\/nvnoticias.mx\/index.php\/wp-json\/wp\/v2\/posts\/45560","targetHints":{"allow":["GET"]}}],"collection":[{"href":"https:\/\/nvnoticias.mx\/index.php\/wp-json\/wp\/v2\/posts"}],"about":[{"href":"https:\/\/nvnoticias.mx\/index.php\/wp-json\/wp\/v2\/types\/post"}],"author":[{"embeddable":true,"href":"https:\/\/nvnoticias.mx\/index.php\/wp-json\/wp\/v2\/users\/35"}],"replies":[{"embeddable":true,"href":"https:\/\/nvnoticias.mx\/index.php\/wp-json\/wp\/v2\/comments?post=45560"}],"version-history":[{"count":1,"href":"https:\/\/nvnoticias.mx\/index.php\/wp-json\/wp\/v2\/posts\/45560\/revisions"}],"predecessor-version":[{"id":45562,"href":"https:\/\/nvnoticias.mx\/index.php\/wp-json\/wp\/v2\/posts\/45560\/revisions\/45562"}],"wp:featuredmedia":[{"embeddable":true,"href":"https:\/\/nvnoticias.mx\/index.php\/wp-json\/wp\/v2\/media\/44535"}],"wp:attachment":[{"href":"https:\/\/nvnoticias.mx\/index.php\/wp-json\/wp\/v2\/media?parent=45560"}],"wp:term":[{"taxonomy":"category","embeddable":true,"href":"https:\/\/nvnoticias.mx\/index.php\/wp-json\/wp\/v2\/categories?post=45560"},{"taxonomy":"post_tag","embeddable":true,"href":"https:\/\/nvnoticias.mx\/index.php\/wp-json\/wp\/v2\/tags?post=45560"}],"curies":[{"name":"wp","href":"https:\/\/api.w.org\/{rel}","templated":true}]}}