{"id":45553,"date":"2022-03-16T13:19:00","date_gmt":"2022-03-16T19:19:00","guid":{"rendered":"https:\/\/nvnoticias.mx\/?p=45553"},"modified":"2022-03-16T13:19:09","modified_gmt":"2022-03-16T19:19:09","slug":"promueve-el-bronco-un-amparo-contra-actos-del-juez-de-control","status":"publish","type":"post","link":"https:\/\/nvnoticias.mx\/index.php\/2022\/03\/16\/promueve-el-bronco-un-amparo-contra-actos-del-juez-de-control\/","title":{"rendered":"Promueve &#8220;El Bronco&#8221; un amparo contra actos del juez de control"},"content":{"rendered":"\n<p>El ex gobernador del estado de Nuevo Le\u00f3n, Jaime Rodr\u00edguez Calder\u00f3n, El Bronco, promovi\u00f3 un amparo contra actos del juez de control que tiene en sus manos su caso. <\/p>\n\n\n\n<p>La demanda de garant\u00edas fue radicada en el Juzgado Primero de Distrito en Materia Penal con sede en la mencionada entidad, pero \u00e9sta no ha sido admitida a tr\u00e1mite por el juez V\u00edctor Hugo Alejo Guerrero. <\/p>\n\n\n\n<p>El juzgador solo public\u00f3 un acuerdo donde previene al ex mandatario estatal que aclare su demanda. De acuerdo con el art\u00edculo 114 de la Ley de Amparo, los jueces pueden requerir al promovente que aclare la demanda, cuando \u00e9sta presente deficiencias, irregularidades u omisiones que deban corregirse.<\/p>\n\n\n\n<p> Por ejemplo, alguna irregularidad en el escrito de demanda; si se hubiere omitido alguno de los requisitos que establece el art\u00edculo 108 de esta ley, es decir, el nombre y domicilio del quejoso y del que promueve en su nombre, quien deber\u00e1 acreditar su representaci\u00f3n. Asimismo, el nombre y domicilio del tercero interesado; la autoridad o autoridades responsables. <\/p>\n\n\n\n<p>En caso de que se impugnen normas generales, el quejoso deber\u00e1 se\u00f1alar a los titulares de los \u00f3rganos de Estado a los que la ley encomiende su promulgaci\u00f3n. O los conceptos de violaci\u00f3n, entre otros. Cuando no se acompa\u00f1e el documento que acredite la personalidad o \u00e9ste resulte insuficiente; que no se haya expresado con precisi\u00f3n el acto reclamado; y no se hubieren exhibido las copias necesarias de la demanda. <\/p>\n\n\n\n<p>Si no se subsanan las deficiencias, irregularidades u omisiones de la demanda dentro del plazo de cinco d\u00edas, se tendr\u00e1 por no presentada. En caso de falta de copias, para el incidente de suspensi\u00f3n, s\u00f3lo dar\u00e1 lugar a la postergaci\u00f3n de su apertura. El ex mandatario sostendr\u00e1 hoy a las 16:00 horas la audiencia inicial de su caso, en donde la Fiscal\u00eda Especializada buscar\u00e1 imputarlo por delitos electorales y uso de recursos p\u00fablicos.<\/p>\n\n\n\n<p> Fuentes confirmaron que la solicitud de vinculaci\u00f3n por este segundo delito es con base al hallazgo de que la anterior administraci\u00f3n pag\u00f3 a una empresa boletinada como facturera por la Secretar\u00eda de Hacienda, para que \u00e9sta a su vez cubriera los salarios de los 572 ex funcionarios que recolectaron firmas a favor de Rodr\u00edguez Calder\u00f3n. <\/p>\n\n\n\n<p>Fuente: <a href=\"https:\/\/www.milenio.com\/sociedad\/juez-concede-amparo-jaime-rodriguez-bronco\" data-type=\"URL\" data-id=\"https:\/\/www.milenio.com\/sociedad\/juez-concede-amparo-jaime-rodriguez-bronco\">Milenio<\/a><\/p>\n","protected":false},"excerpt":{"rendered":"<p>El ex gobernador del estado de Nuevo Le\u00f3n, Jaime Rodr\u00edguez Calder\u00f3n, El Bronco, promovi\u00f3 un amparo contra actos del juez de control que tiene en sus manos su caso. La demanda de garant\u00edas fue radicada en el Juzgado Primero de Distrito en Materia Penal con sede en la mencionada entidad, pero \u00e9sta no ha sido [&hellip;]<\/p>\n","protected":false},"author":35,"featured_media":2220,"comment_status":"open","ping_status":"open","sticky":false,"template":"","format":"standard","meta":{"_monsterinsights_skip_tracking":false,"_monsterinsights_sitenote_active":false,"_monsterinsights_sitenote_note":"","_monsterinsights_sitenote_category":0,"footnotes":""},"categories":[158],"tags":[11967,1547,5459,6040,692,11968,162],"class_list":["post-45553","post","type-post","status-publish","format-standard","has-post-thumbnail","hentry","category-politica","tag-actos","tag-amparo","tag-contra","tag-el-bronco","tag-jaime-rodriguez","tag-juez-de-control","tag-portada","wp-image-borders"],"amp_enabled":true,"_links":{"self":[{"href":"https:\/\/nvnoticias.mx\/index.php\/wp-json\/wp\/v2\/posts\/45553","targetHints":{"allow":["GET"]}}],"collection":[{"href":"https:\/\/nvnoticias.mx\/index.php\/wp-json\/wp\/v2\/posts"}],"about":[{"href":"https:\/\/nvnoticias.mx\/index.php\/wp-json\/wp\/v2\/types\/post"}],"author":[{"embeddable":true,"href":"https:\/\/nvnoticias.mx\/index.php\/wp-json\/wp\/v2\/users\/35"}],"replies":[{"embeddable":true,"href":"https:\/\/nvnoticias.mx\/index.php\/wp-json\/wp\/v2\/comments?post=45553"}],"version-history":[{"count":1,"href":"https:\/\/nvnoticias.mx\/index.php\/wp-json\/wp\/v2\/posts\/45553\/revisions"}],"predecessor-version":[{"id":45554,"href":"https:\/\/nvnoticias.mx\/index.php\/wp-json\/wp\/v2\/posts\/45553\/revisions\/45554"}],"wp:featuredmedia":[{"embeddable":true,"href":"https:\/\/nvnoticias.mx\/index.php\/wp-json\/wp\/v2\/media\/2220"}],"wp:attachment":[{"href":"https:\/\/nvnoticias.mx\/index.php\/wp-json\/wp\/v2\/media?parent=45553"}],"wp:term":[{"taxonomy":"category","embeddable":true,"href":"https:\/\/nvnoticias.mx\/index.php\/wp-json\/wp\/v2\/categories?post=45553"},{"taxonomy":"post_tag","embeddable":true,"href":"https:\/\/nvnoticias.mx\/index.php\/wp-json\/wp\/v2\/tags?post=45553"}],"curies":[{"name":"wp","href":"https:\/\/api.w.org\/{rel}","templated":true}]}}