{"id":45436,"date":"2022-03-15T16:33:22","date_gmt":"2022-03-15T22:33:22","guid":{"rendered":"https:\/\/nvnoticias.mx\/?p=45436"},"modified":"2022-03-15T16:33:23","modified_gmt":"2022-03-15T22:33:23","slug":"trasladan-a-jaime-rodriguez-el-bronco-al-penal-de-apodaca","status":"publish","type":"post","link":"https:\/\/nvnoticias.mx\/index.php\/2022\/03\/15\/trasladan-a-jaime-rodriguez-el-bronco-al-penal-de-apodaca\/","title":{"rendered":"Trasladan a Jaime Rodr\u00edguez &#8220;El Bronco&#8221; al penal de Apodaca"},"content":{"rendered":"\n<p>El ex gobernador Jaime Rodr\u00edguez Calder\u00f3n, ya fue ingresado al penal de Apodaca, en Nuevo Le\u00f3n,\u00a0por su probable participaci\u00f3n en delitos electorales. <\/p>\n\n\n\n<p>El Bronco\u00a0fue detenido por las autoridades mientras sal\u00eda de un rancho de General Ter\u00e1n, esto por presuntas irregularidades detectadas en la recolecci\u00f3n de firmas para su entonces campa\u00f1a presidencial en 2018. <\/p>\n\n\n\n<p>La Fiscal\u00eda Especializada en Delitos Electorales de Nuevo Le\u00f3n (FEDE) confirm\u00f3 haber aplicado una orden de aprehensi\u00f3n en contra del ex gobernador de Nuevo Le\u00f3n, Jaime Rodr\u00edguez Cader\u00f3n. <\/p>\n\n\n\n<p>A trav\u00e9s de un comunicado, la autoridad electoral dio a conocer que el ex gobernador permanecer\u00e1 en el Centro de Reinserci\u00f3n Social. <\/p>\n\n\n\n<blockquote class=\"wp-block-quote is-layout-flow wp-block-quote-is-layout-flow\"><p>&#8220;<em>Con respecto a informaci\u00f3n que trascendi\u00f3 el d\u00eda de hoy referente a la detenci\u00f3n del C. Jaime Heliodoro \u201cN\u201d, la Fiscal\u00eda Especializada en Delitos Electorales del Estado de Nuevo Le\u00f3n informa: En fecha 15 de marzo del 2022 se dio cumplimiento a una orden de aprehensi\u00f3n en contra de la persona mencionada, dictada por un Juez de Control y de Juicio Oral del Estado de Nuevo Le\u00f3n, por su probable participaci\u00f3n en hechos con caracter\u00edsticas de delitos electorales.<\/em><\/p><\/blockquote>\n\n\n\n<blockquote class=\"wp-block-quote is-layout-flow wp-block-quote-is-layout-flow\"><p>&#8220;<em>La persona investigada permanecer\u00e1 en resguardo en un Centro de Reinserci\u00f3n Social estatal a disposici\u00f3n de un juez de control que resolver\u00e1 su situaci\u00f3n jur\u00eddica<\/em>&#8220;, detallaron.<\/p><\/blockquote>\n\n\n\n<p>Fuentes estatales revelaron que los motivos de la detenci\u00f3n son hechos relacionados a las \u201cBroncofirmas\u201d, desv\u00edo de recursos humanos y materiales. Incluso, filtraron una serie de im\u00e1genes donde se aprecia al ex gobernador a un costado de un tramo carretero al sur del estado y est\u00e1 rodeado por elementos de la Agencia Estatal de Investigaciones. <\/p>\n\n\n\n<p>Fuente: <a href=\"https:\/\/www.milenio.com\/sociedad\/ingresa-jaime-rodriguez-bronco-penal-apodaca\">Milenio<\/a><\/p>\n","protected":false},"excerpt":{"rendered":"<p>El ex gobernador Jaime Rodr\u00edguez Calder\u00f3n, ya fue ingresado al penal de Apodaca, en Nuevo Le\u00f3n,\u00a0por su probable participaci\u00f3n en delitos electorales. El Bronco\u00a0fue detenido por las autoridades mientras sal\u00eda de un rancho de General Ter\u00e1n, esto por presuntas irregularidades detectadas en la recolecci\u00f3n de firmas para su entonces campa\u00f1a presidencial en 2018. La Fiscal\u00eda [&hellip;]<\/p>\n","protected":false},"author":8,"featured_media":45439,"comment_status":"open","ping_status":"open","sticky":false,"template":"","format":"standard","meta":{"_monsterinsights_skip_tracking":false,"_monsterinsights_sitenote_active":false,"_monsterinsights_sitenote_note":"","_monsterinsights_sitenote_category":0,"footnotes":""},"categories":[158],"tags":[11937,6040,692,519,162],"class_list":["post-45436","post","type-post","status-publish","format-standard","has-post-thumbnail","hentry","category-politica","tag-apodaca","tag-el-bronco","tag-jaime-rodriguez","tag-penal","tag-portada","wp-image-borders"],"amp_enabled":true,"_links":{"self":[{"href":"https:\/\/nvnoticias.mx\/index.php\/wp-json\/wp\/v2\/posts\/45436","targetHints":{"allow":["GET"]}}],"collection":[{"href":"https:\/\/nvnoticias.mx\/index.php\/wp-json\/wp\/v2\/posts"}],"about":[{"href":"https:\/\/nvnoticias.mx\/index.php\/wp-json\/wp\/v2\/types\/post"}],"author":[{"embeddable":true,"href":"https:\/\/nvnoticias.mx\/index.php\/wp-json\/wp\/v2\/users\/8"}],"replies":[{"embeddable":true,"href":"https:\/\/nvnoticias.mx\/index.php\/wp-json\/wp\/v2\/comments?post=45436"}],"version-history":[{"count":1,"href":"https:\/\/nvnoticias.mx\/index.php\/wp-json\/wp\/v2\/posts\/45436\/revisions"}],"predecessor-version":[{"id":45440,"href":"https:\/\/nvnoticias.mx\/index.php\/wp-json\/wp\/v2\/posts\/45436\/revisions\/45440"}],"wp:featuredmedia":[{"embeddable":true,"href":"https:\/\/nvnoticias.mx\/index.php\/wp-json\/wp\/v2\/media\/45439"}],"wp:attachment":[{"href":"https:\/\/nvnoticias.mx\/index.php\/wp-json\/wp\/v2\/media?parent=45436"}],"wp:term":[{"taxonomy":"category","embeddable":true,"href":"https:\/\/nvnoticias.mx\/index.php\/wp-json\/wp\/v2\/categories?post=45436"},{"taxonomy":"post_tag","embeddable":true,"href":"https:\/\/nvnoticias.mx\/index.php\/wp-json\/wp\/v2\/tags?post=45436"}],"curies":[{"name":"wp","href":"https:\/\/api.w.org\/{rel}","templated":true}]}}