{"id":45435,"date":"2022-03-15T16:31:02","date_gmt":"2022-03-15T22:31:02","guid":{"rendered":"https:\/\/nvnoticias.mx\/?p=45435"},"modified":"2022-03-15T16:31:03","modified_gmt":"2022-03-15T22:31:03","slug":"revela-evan-rachel-wood-que-no-le-teme-a-la-demanda-de-marilyn-manson","status":"publish","type":"post","link":"https:\/\/nvnoticias.mx\/index.php\/2022\/03\/15\/revela-evan-rachel-wood-que-no-le-teme-a-la-demanda-de-marilyn-manson\/","title":{"rendered":"Revela Evan Rachel Wood que \u201cno le teme\u201d a la demanda de Marilyn Manson"},"content":{"rendered":"\n<p>Durante su aparici\u00f3n en The View el lunes, 14 de marzo, la estrella de Westworld abord\u00f3 la demanda por difamaci\u00f3n que su ex prometido Marilyn Manson present\u00f3 recientemente en su contra despu\u00e9s de ser acusado de abuso sexual por numerosas mujeres. Aunque Wood dijo que &#8220;no le tiene miedo&#8221; a la demanda, describi\u00f3 la situaci\u00f3n como &#8220;triste&#8221; porque &#8220;esto es por lo que pasan casi todos los sobrevivientes que intentan exponer a alguien en una posici\u00f3n de poder&#8221;.<\/p>\n\n\n\n<p>Al compartir que &#8220;era de esperarse&#8221; un intento para silenciarla, Wood continu\u00f3, &#8220;Esto es parte de la represalia que mantiene callados a los sobrevivientes. Es por eso que la gente no quiere dar un paso adelante&#8221;.<\/p>\n\n\n\n<p>La actriz de 34 a\u00f1os agreg\u00f3, &#8220;Estoy muy segura de que tengo la verdad de mi lado y que la verdad saldr\u00e1 a la luz&#8221;.<\/p>\n\n\n\n<p>La demanda de Manson se produjo pocas semanas antes del lanzamiento programado de Phoenix Rising, una serie documental de HBO centrada en el trabajo de la actriz para abogar por la aprobaci\u00f3n de la Ley Phoenix en California. En el documental, que se estren\u00f3 por primera vez en el Festival de Cine de Sundance en enero, Wood habl\u00f3 sobre el presunto abuso sexual que enfrent\u00f3 a manos de Manson, cuyo nombre real es Brian Warner, a lo largo de su relaci\u00f3n.<\/p>\n\n\n\n<p>Al decir que el movimiento legal de Manson fue &#8220;claramente sincronizado&#8221; antes del lanzamiento p\u00fablico de Phoenix Rising, Wood defendi\u00f3 el documental y dijo, &#8220;Hago esto para proteger a las personas. Hago esto para hacer sonar la alarma de que hay una persona peligrosa ah\u00ed afuera y no quiero que nadie se le acerque&#8221;.<\/p>\n\n\n\n<p>Ella tambi\u00e9n habl\u00f3 sobre algunas de las afirmaciones que hizo contra Manson en Phoenix Rising, incluida la forma en que supuestamente fue violada en 2007 mientras filmaba su video musical &#8220;Heart-Shaped Glasses&#8221; y la negaci\u00f3n del cantante de las acusaciones de abuso sexual en su contra. &#8220;Lo m\u00e1s insidioso que hizo y que hace la gente como \u00e9l es fracturar por completo tu sentido de identidad&#8221;, dijo. &#8220;Me hizo olvidar qui\u00e9n era yo y me ha llevado a\u00f1os recordarlo&#8221;.<\/p>\n\n\n\n<p>A ra\u00edz del \u00faltimo comentario de Wood sobre Manson, el abogado del cantante, Howard King, dijo en un comunicado a E! News: &#8220;Como detallamos en nuestra demanda, no se puede confiar en nada de lo que Evan Rachel Wood, Illma Gore o sus co-conspiradores cuidadosamente seleccionados hayan dicho sobre este asunto. Esto es m\u00e1s de lo mismo. Pero, de nuevo, \u00bfqu\u00e9 m\u00e1s \u00bfQu\u00e9 esperar\u00eda de un grupo que ha difundido falsedad tras falsedad sobre Brian e incluso lleg\u00f3 a falsificar una carta del FBI para promover sus afirmaciones falsas?<\/p>\n\n\n\n<p>Fuente: <a href=\"https:\/\/www.eonline.com\/mx\/news\/1323211\/evan-rachel-wood-dice-que-no-le-teme-a-la-demanda-de-marilyn-manson\" data-type=\"URL\" data-id=\"https:\/\/www.eonline.com\/mx\/news\/1323211\/evan-rachel-wood-dice-que-no-le-teme-a-la-demanda-de-marilyn-manson\">E!<\/a><\/p>\n","protected":false},"excerpt":{"rendered":"<p>Durante su aparici\u00f3n en The View el lunes, 14 de marzo, la estrella de Westworld abord\u00f3 la demanda por difamaci\u00f3n que su ex prometido Marilyn Manson present\u00f3 recientemente en su contra despu\u00e9s de ser acusado de abuso sexual por numerosas mujeres. Aunque Wood dijo que &#8220;no le tiene miedo&#8221; a la demanda, describi\u00f3 la situaci\u00f3n [&hellip;]<\/p>\n","protected":false},"author":35,"featured_media":45437,"comment_status":"open","ping_status":"open","sticky":false,"template":"","format":"standard","meta":{"_monsterinsights_skip_tracking":false,"_monsterinsights_sitenote_active":false,"_monsterinsights_sitenote_note":"","_monsterinsights_sitenote_category":0,"footnotes":""},"categories":[576],"tags":[701,11934,11935,11936],"class_list":["post-45435","post","type-post","status-publish","format-standard","has-post-thumbnail","hentry","category-ocio","tag-demanda","tag-evan-rachel-wood","tag-marilyn-manson","tag-no-le-teme","wp-image-borders"],"amp_enabled":true,"_links":{"self":[{"href":"https:\/\/nvnoticias.mx\/index.php\/wp-json\/wp\/v2\/posts\/45435","targetHints":{"allow":["GET"]}}],"collection":[{"href":"https:\/\/nvnoticias.mx\/index.php\/wp-json\/wp\/v2\/posts"}],"about":[{"href":"https:\/\/nvnoticias.mx\/index.php\/wp-json\/wp\/v2\/types\/post"}],"author":[{"embeddable":true,"href":"https:\/\/nvnoticias.mx\/index.php\/wp-json\/wp\/v2\/users\/35"}],"replies":[{"embeddable":true,"href":"https:\/\/nvnoticias.mx\/index.php\/wp-json\/wp\/v2\/comments?post=45435"}],"version-history":[{"count":1,"href":"https:\/\/nvnoticias.mx\/index.php\/wp-json\/wp\/v2\/posts\/45435\/revisions"}],"predecessor-version":[{"id":45438,"href":"https:\/\/nvnoticias.mx\/index.php\/wp-json\/wp\/v2\/posts\/45435\/revisions\/45438"}],"wp:featuredmedia":[{"embeddable":true,"href":"https:\/\/nvnoticias.mx\/index.php\/wp-json\/wp\/v2\/media\/45437"}],"wp:attachment":[{"href":"https:\/\/nvnoticias.mx\/index.php\/wp-json\/wp\/v2\/media?parent=45435"}],"wp:term":[{"taxonomy":"category","embeddable":true,"href":"https:\/\/nvnoticias.mx\/index.php\/wp-json\/wp\/v2\/categories?post=45435"},{"taxonomy":"post_tag","embeddable":true,"href":"https:\/\/nvnoticias.mx\/index.php\/wp-json\/wp\/v2\/tags?post=45435"}],"curies":[{"name":"wp","href":"https:\/\/api.w.org\/{rel}","templated":true}]}}