{"id":45415,"date":"2022-03-15T15:09:35","date_gmt":"2022-03-15T21:09:35","guid":{"rendered":"https:\/\/nvnoticias.mx\/?p=45415"},"modified":"2022-03-15T15:09:36","modified_gmt":"2022-03-15T21:09:36","slug":"magistrados-piden-reformar-la-ley-para-reconocer-cambio-de-identidad-de-genero-en-veracruz","status":"publish","type":"post","link":"https:\/\/nvnoticias.mx\/index.php\/2022\/03\/15\/magistrados-piden-reformar-la-ley-para-reconocer-cambio-de-identidad-de-genero-en-veracruz\/","title":{"rendered":"Magistrados piden reformar la ley para reconocer cambio de identidad de g\u00e9nero en Veracruz"},"content":{"rendered":"\n<p><strong>Sam Ojeda\u00a0\/ NV Noticias<\/strong><\/p>\n\n\n\n<p>Xalapa.- Magistrados del Tribunal Superior de Justicia de Veracruz solicitaron al Congreso local reforma el C\u00f3digo Civil para reconocer el cambio de identidad de g\u00e9nero en Veracruz.\u00a0<\/p>\n\n\n\n<p>Fue la Sala Constitucional del Tribunal Superior de Justicia del Estado la que pidi\u00f3 al Congreso local anular art\u00edculos declarados inconstitucionales y permitir el reconocimiento de cambio de identidad de g\u00e9nero en Veracruz.<\/p>\n\n\n\n<p>A trav\u00e9s de dos oficios solicitaron incluir en la agenda una reforma en la materia, con la que deber\u00e1 de ser posible el derecho a tener un nombre acorde con el g\u00e9nero con el que cada persona se identifique.<\/p>\n\n\n\n<p>Los magistrados remitieron una copia certificada de la sentencia dictada dentro del expediente 8JP\/2019, del \u00edndice de la Sala Constitucional, en el juicio de derechos humanos, promovido por la ciudadana Alexandra Zyareth Aguirre Llad\u00f3, de fecha 5 de octubre del a\u00f1o 2021.<\/p>\n\n\n\n<p>Lo anterior como parte de las resoluciones en el juicio de amparo directo 57\/2021, del \u00edndice del Segundo Tribunal Colegiado en Materia Civil del S\u00e9ptimo Circuito, con residencia en Xalapa.<\/p>\n\n\n\n<blockquote class=\"wp-block-quote is-layout-flow wp-block-quote-is-layout-flow\"><p>\u201c<em>Para que se considere dentro de su agenda legislativa una reforma respecto a los art\u00edculos declarados inconstitucionales del c\u00f3digo civil para el estado, conforme a los efectos establecidos en el considerando octavo de la presente resoluci\u00f3n<\/em>\u201d.<\/p><\/blockquote>\n\n\n\n<p>Tambi\u00e9n remiti\u00f3 la copia certificada de la sentencia dictada dentro del expediente 15JP\/2019, promovido por Victoria Castro Pucheta, de fecha 5 de octubre del a\u00f1o 2021 y que deriv\u00f3 en instar\u00a0 al Congreso a que se considere dentro de su agenda legislativa una reforma sobre el tema.<\/p>\n","protected":false},"excerpt":{"rendered":"<p>Sam Ojeda\u00a0\/ NV Noticias Xalapa.- Magistrados del Tribunal Superior de Justicia de Veracruz solicitaron al Congreso local reforma el C\u00f3digo Civil para reconocer el cambio de identidad de g\u00e9nero en Veracruz.\u00a0 Fue la Sala Constitucional del Tribunal Superior de Justicia del Estado la que pidi\u00f3 al Congreso local anular art\u00edculos declarados inconstitucionales y permitir el [&hellip;]<\/p>\n","protected":false},"author":8,"featured_media":45417,"comment_status":"open","ping_status":"open","sticky":false,"template":"","format":"standard","meta":{"_monsterinsights_skip_tracking":false,"_monsterinsights_sitenote_active":false,"_monsterinsights_sitenote_note":"","_monsterinsights_sitenote_category":0,"footnotes":""},"categories":[156],"tags":[11927,2446,2733],"class_list":["post-45415","post","type-post","status-publish","format-standard","has-post-thumbnail","hentry","category-estado","tag-cambio-identidad-de-genero","tag-ley","tag-magistrados","wp-image-borders"],"amp_enabled":true,"_links":{"self":[{"href":"https:\/\/nvnoticias.mx\/index.php\/wp-json\/wp\/v2\/posts\/45415","targetHints":{"allow":["GET"]}}],"collection":[{"href":"https:\/\/nvnoticias.mx\/index.php\/wp-json\/wp\/v2\/posts"}],"about":[{"href":"https:\/\/nvnoticias.mx\/index.php\/wp-json\/wp\/v2\/types\/post"}],"author":[{"embeddable":true,"href":"https:\/\/nvnoticias.mx\/index.php\/wp-json\/wp\/v2\/users\/8"}],"replies":[{"embeddable":true,"href":"https:\/\/nvnoticias.mx\/index.php\/wp-json\/wp\/v2\/comments?post=45415"}],"version-history":[{"count":1,"href":"https:\/\/nvnoticias.mx\/index.php\/wp-json\/wp\/v2\/posts\/45415\/revisions"}],"predecessor-version":[{"id":45418,"href":"https:\/\/nvnoticias.mx\/index.php\/wp-json\/wp\/v2\/posts\/45415\/revisions\/45418"}],"wp:featuredmedia":[{"embeddable":true,"href":"https:\/\/nvnoticias.mx\/index.php\/wp-json\/wp\/v2\/media\/45417"}],"wp:attachment":[{"href":"https:\/\/nvnoticias.mx\/index.php\/wp-json\/wp\/v2\/media?parent=45415"}],"wp:term":[{"taxonomy":"category","embeddable":true,"href":"https:\/\/nvnoticias.mx\/index.php\/wp-json\/wp\/v2\/categories?post=45415"},{"taxonomy":"post_tag","embeddable":true,"href":"https:\/\/nvnoticias.mx\/index.php\/wp-json\/wp\/v2\/tags?post=45415"}],"curies":[{"name":"wp","href":"https:\/\/api.w.org\/{rel}","templated":true}]}}