{"id":45401,"date":"2022-03-15T13:40:17","date_gmt":"2022-03-15T19:40:17","guid":{"rendered":"https:\/\/nvnoticias.mx\/?p=45401"},"modified":"2022-03-15T13:40:18","modified_gmt":"2022-03-15T19:40:18","slug":"desmantelarian-los-came-en-veracruz-por-disminucion-en-contagios-por-covid-19","status":"publish","type":"post","link":"https:\/\/nvnoticias.mx\/index.php\/2022\/03\/15\/desmantelarian-los-came-en-veracruz-por-disminucion-en-contagios-por-covid-19\/","title":{"rendered":"Desmantelar\u00edan los CAME en Veracruz por disminuci\u00f3n en contagios por covid-19"},"content":{"rendered":"\n<p><strong>Sam Ojeda\u00a0\/ NV Noticias<\/strong><\/p>\n\n\n\n<p>Xalapa.- El gobernador Cuitl\u00e1huac Garc\u00eda Jim\u00e9nez se\u00f1al\u00f3 que en un mes y medio es posible que los Centros de Atenci\u00f3n M\u00e9dica Expandida (CAME-C19) instalados en el estado de Veracruz podr\u00edan ser deshabilitados.<\/p>\n\n\n\n<p>En entrevista en el Centro de Estudios e Investigaci\u00f3n en Seguridad (CEIS) de El Lencero , el mandatario detall\u00f3 lo anterior luego de que se observa una disminuci\u00f3n en los casos y decesos generados por el covid-19.\u00a0<\/p>\n\n\n\n<blockquote class=\"wp-block-quote is-layout-flow wp-block-quote-is-layout-flow\"><p>\u201c<em>Tenemos mucha confianza en que la cuarta ola va a quedar ya en unas semanas m\u00e1s totalmente fuera de mayor atenci\u00f3n, por lo tanto, podr\u00edamos considerar que ya los CAME, en las pr\u00f3ximas semanas se puedan recuperar<\/em>\u201d.<\/p><\/blockquote>\n\n\n\n<p>Dijo que el Comit\u00e9 T\u00e9cnico decidir\u00e1 en qu\u00e9 momento se desmantelar\u00e1n dado que dos de los cuatro CAME son instalaciones deportivas, como en el caso del Centro de Raqueta en Boca del R\u00edo y el Vel\u00f3dromo de Xalapa.\u00a0<\/p>\n\n\n\n<p>En el caso de los otros dos CAME, que son instalaciones hospitalarias, se reintegrar\u00e1n a sus funciones, como en el caso del Hospital Materno-Infantil en Coatzacoalcos y el Hospital Psiqui\u00e1trico de Orizaba.<\/p>\n\n\n\n<p>Garc\u00eda Jim\u00e9nez indic\u00f3 que en los dos \u00faltimos casos los hospitales se podr\u00e1n integrar al Instituto Nacional de Salud para el Bienestar (INSABI) bajo un convenio de colaboraci\u00f3n.\u00a0<\/p>\n","protected":false},"excerpt":{"rendered":"<p>Sam Ojeda\u00a0\/ NV Noticias Xalapa.- El gobernador Cuitl\u00e1huac Garc\u00eda Jim\u00e9nez se\u00f1al\u00f3 que en un mes y medio es posible que los Centros de Atenci\u00f3n M\u00e9dica Expandida (CAME-C19) instalados en el estado de Veracruz podr\u00edan ser deshabilitados. En entrevista en el Centro de Estudios e Investigaci\u00f3n en Seguridad (CEIS) de El Lencero , el mandatario detall\u00f3 [&hellip;]<\/p>\n","protected":false},"author":8,"featured_media":45402,"comment_status":"open","ping_status":"open","sticky":false,"template":"","format":"standard","meta":{"_monsterinsights_skip_tracking":false,"_monsterinsights_sitenote_active":false,"_monsterinsights_sitenote_note":"","_monsterinsights_sitenote_category":0,"footnotes":""},"categories":[156],"tags":[11923,11922,175,180],"class_list":["post-45401","post","type-post","status-publish","format-standard","has-post-thumbnail","hentry","category-estado","tag-came-c19","tag-centros-de-atencion-medica-expandida","tag-covid-19","tag-veracruz","wp-image-borders"],"amp_enabled":true,"_links":{"self":[{"href":"https:\/\/nvnoticias.mx\/index.php\/wp-json\/wp\/v2\/posts\/45401","targetHints":{"allow":["GET"]}}],"collection":[{"href":"https:\/\/nvnoticias.mx\/index.php\/wp-json\/wp\/v2\/posts"}],"about":[{"href":"https:\/\/nvnoticias.mx\/index.php\/wp-json\/wp\/v2\/types\/post"}],"author":[{"embeddable":true,"href":"https:\/\/nvnoticias.mx\/index.php\/wp-json\/wp\/v2\/users\/8"}],"replies":[{"embeddable":true,"href":"https:\/\/nvnoticias.mx\/index.php\/wp-json\/wp\/v2\/comments?post=45401"}],"version-history":[{"count":1,"href":"https:\/\/nvnoticias.mx\/index.php\/wp-json\/wp\/v2\/posts\/45401\/revisions"}],"predecessor-version":[{"id":45403,"href":"https:\/\/nvnoticias.mx\/index.php\/wp-json\/wp\/v2\/posts\/45401\/revisions\/45403"}],"wp:featuredmedia":[{"embeddable":true,"href":"https:\/\/nvnoticias.mx\/index.php\/wp-json\/wp\/v2\/media\/45402"}],"wp:attachment":[{"href":"https:\/\/nvnoticias.mx\/index.php\/wp-json\/wp\/v2\/media?parent=45401"}],"wp:term":[{"taxonomy":"category","embeddable":true,"href":"https:\/\/nvnoticias.mx\/index.php\/wp-json\/wp\/v2\/categories?post=45401"},{"taxonomy":"post_tag","embeddable":true,"href":"https:\/\/nvnoticias.mx\/index.php\/wp-json\/wp\/v2\/tags?post=45401"}],"curies":[{"name":"wp","href":"https:\/\/api.w.org\/{rel}","templated":true}]}}