{"id":45374,"date":"2022-03-15T12:41:53","date_gmt":"2022-03-15T18:41:53","guid":{"rendered":"https:\/\/nvnoticias.mx\/?p=45374"},"modified":"2022-03-15T12:41:54","modified_gmt":"2022-03-15T18:41:54","slug":"detienen-al-exgobernador-de-nl-jaime-rodriguez-el-bronco","status":"publish","type":"post","link":"https:\/\/nvnoticias.mx\/index.php\/2022\/03\/15\/detienen-al-exgobernador-de-nl-jaime-rodriguez-el-bronco\/","title":{"rendered":"Detienen al exgobernador de NL Jaime Rodr\u00edguez &#8220;El Bronco&#8221;"},"content":{"rendered":"\n<p>El exgobernador de Nuevo Le\u00f3n, Jaime Rodr\u00edguez Calder\u00f3n \u201cEl Bronco\u201d, fue detenido este martes por presunto desv\u00edo de recursos por la Fiscal\u00eda Especializada en Delitos Electorales local.<\/p>\n\n\n\n<p>La detenci\u00f3n ocurri\u00f3 mientras Rodr\u00edguez Calder\u00f3n circulaba en el sur del estado, confirm\u00f3 la fiscal\u00eda estatal.<\/p>\n\n\n\n<blockquote class=\"wp-block-quote is-layout-flow wp-block-quote-is-layout-flow\"><p>\u201cEl Bronco\u201d habr\u00eda sido arrestado por hechos relacionados con las llamadas \u201cBroncofirmas\u201d, que significaron desv\u00edos de recursos p\u00fablicos, humanos y materiales.<\/p><\/blockquote>\n\n\n\n<p>Luego de la detenci\u00f3n, el gobernador de Nuevo Le\u00f3n, Samuel Garc\u00eda, public\u00f3 en su cuenta de Twitter que en su gobierno ir\u00e1 contra los corruptos y public\u00f3 el hashtag #Broncofirmas en alusi\u00f3n al exmandatario Rodr\u00edguez Calder\u00f3n.<\/p>\n\n\n\n<p>\u201cSomos un gobierno incorruptible. quien la hizo, la paga; quien robo o emiti\u00f3 recursos p\u00fablicos a sus amigos, a sus favoritos o a campa\u00f1as, va a ir a la c\u00e1rcel. Porque ya basta de que jueguen y saqueen a nuestro estado\u201d, dijo el mandatario.<\/p>\n\n\n\n<p>Fuente: <a href=\"https:\/\/www.forbes.com.mx\/detienen-al-exgobernador-de-nuevo-leon-jaime-rodriguez-por-presunto-desvio-de-recursos\/\" data-type=\"URL\" data-id=\"https:\/\/www.forbes.com.mx\/detienen-al-exgobernador-de-nuevo-leon-jaime-rodriguez-por-presunto-desvio-de-recursos\/\">Forbes<\/a><\/p>\n","protected":false},"excerpt":{"rendered":"<p>El exgobernador de Nuevo Le\u00f3n, Jaime Rodr\u00edguez Calder\u00f3n \u201cEl Bronco\u201d, fue detenido este martes por presunto desv\u00edo de recursos por la Fiscal\u00eda Especializada en Delitos Electorales local. La detenci\u00f3n ocurri\u00f3 mientras Rodr\u00edguez Calder\u00f3n circulaba en el sur del estado, confirm\u00f3 la fiscal\u00eda estatal. \u201cEl Bronco\u201d habr\u00eda sido arrestado por hechos relacionados con las llamadas \u201cBroncofirmas\u201d, [&hellip;]<\/p>\n","protected":false},"author":35,"featured_media":45377,"comment_status":"open","ping_status":"open","sticky":false,"template":"","format":"standard","meta":{"_monsterinsights_skip_tracking":false,"_monsterinsights_sitenote_active":false,"_monsterinsights_sitenote_note":"","_monsterinsights_sitenote_category":0,"footnotes":""},"categories":[158],"tags":[5841,6040,3087,692,1095,162],"class_list":["post-45374","post","type-post","status-publish","format-standard","has-post-thumbnail","hentry","category-politica","tag-detienen","tag-el-bronco","tag-exgobernador","tag-jaime-rodriguez","tag-nuevo-leon","tag-portada","wp-image-borders"],"amp_enabled":true,"_links":{"self":[{"href":"https:\/\/nvnoticias.mx\/index.php\/wp-json\/wp\/v2\/posts\/45374","targetHints":{"allow":["GET"]}}],"collection":[{"href":"https:\/\/nvnoticias.mx\/index.php\/wp-json\/wp\/v2\/posts"}],"about":[{"href":"https:\/\/nvnoticias.mx\/index.php\/wp-json\/wp\/v2\/types\/post"}],"author":[{"embeddable":true,"href":"https:\/\/nvnoticias.mx\/index.php\/wp-json\/wp\/v2\/users\/35"}],"replies":[{"embeddable":true,"href":"https:\/\/nvnoticias.mx\/index.php\/wp-json\/wp\/v2\/comments?post=45374"}],"version-history":[{"count":1,"href":"https:\/\/nvnoticias.mx\/index.php\/wp-json\/wp\/v2\/posts\/45374\/revisions"}],"predecessor-version":[{"id":45376,"href":"https:\/\/nvnoticias.mx\/index.php\/wp-json\/wp\/v2\/posts\/45374\/revisions\/45376"}],"wp:featuredmedia":[{"embeddable":true,"href":"https:\/\/nvnoticias.mx\/index.php\/wp-json\/wp\/v2\/media\/45377"}],"wp:attachment":[{"href":"https:\/\/nvnoticias.mx\/index.php\/wp-json\/wp\/v2\/media?parent=45374"}],"wp:term":[{"taxonomy":"category","embeddable":true,"href":"https:\/\/nvnoticias.mx\/index.php\/wp-json\/wp\/v2\/categories?post=45374"},{"taxonomy":"post_tag","embeddable":true,"href":"https:\/\/nvnoticias.mx\/index.php\/wp-json\/wp\/v2\/tags?post=45374"}],"curies":[{"name":"wp","href":"https:\/\/api.w.org\/{rel}","templated":true}]}}