{"id":45332,"date":"2022-03-15T10:05:45","date_gmt":"2022-03-15T16:05:45","guid":{"rendered":"https:\/\/nvnoticias.mx\/?p=45332"},"modified":"2022-03-15T10:05:46","modified_gmt":"2022-03-15T16:05:46","slug":"afirma-ebrard-que-captura-de-capo-en-tamaulipas-fue-gran-golpe-de-la-decada","status":"publish","type":"post","link":"https:\/\/nvnoticias.mx\/index.php\/2022\/03\/15\/afirma-ebrard-que-captura-de-capo-en-tamaulipas-fue-gran-golpe-de-la-decada\/","title":{"rendered":"Afirma Ebrard que captura de capo en Tamaulipas fue &#8220;gran golpe de la d\u00e9cada&#8221;"},"content":{"rendered":"\n<p>El canciller Marcelo Ebrard afirm\u00f3 que la detenci\u00f3n de Juan Gerardo Trevi\u00f1o Ch\u00e1vez, El Huevo, jefe del c\u00e1rtel del Noreste, fue el \u201cgran golpe de la d\u00e9cada\u201d, que se dio\u00a0en el contexto del Entendimiento Bicentenario\u00a0que se tiene con Estados Unidos en materia de seguridad. <\/p>\n\n\n\n<p>Inform\u00f3 que este fue uno de los principales temas que se trataron en la reuni\u00f3n entre el secretario de Seguridad Interior de aquel pa\u00eds, Alejandro Mayorkas, y el presidente Andr\u00e9s Manuel L\u00f3pez Obrador. <\/p>\n\n\n\n<p>La Fiscal\u00eda General de la Rep\u00fablica (FGR), con el apoyo del Ej\u00e9rcito, captur\u00f3 al capo en Nuevo Laredo, quien es se\u00f1alado como el generador de la violencia en cinco estados del norte pa\u00eds y de desaparici\u00f3n de personas\u00a0en Tamaulipas. <\/p>\n\n\n\n<p>El operativo que culmin\u00f3 con la captura de El Huevo, en el que tambi\u00e9n participaron\u00a0el Centro Nacional de Inteligencia y la Guardia Nacional, desat\u00f3 enfrentamientos entre fuerzas federales e integrantes del c\u00e1rtel del Noreste en aquella ciudad. <\/p>\n\n\n\n<p>Funcionarios del gobierno federal indicaron que el arresto del capo se dio tras un ataque al Ej\u00e9rcito en la colonia Hidalgo, cuando realizaban labores para localizar los puntos donde se encontraba El Huevo, logrando detener al l\u00edder del grupo delictivo en poder de dos armas de fuego de uso exclusivo. <\/p>\n\n\n\n<p>Juan Gerardo es\u00a0sobrino de Miguel \u00c1ngel Trevi\u00f1o Morales, El Z-40, quien fue el l\u00edder de Los Zetas,\u00a0cuenta con tres \u00f3rdenes de aprehensi\u00f3n, una con fines de extradici\u00f3n a Estados Unidos por conspiraci\u00f3n por tr\u00e1fico de drogas y lavado de dinero. <\/p>\n\n\n\n<p>Fuente: <a href=\"https:\/\/www.milenio.com\/politica\/captura-capo-tamaulipas-golpe-decada-ebrard\" data-type=\"URL\" data-id=\"https:\/\/www.milenio.com\/politica\/captura-capo-tamaulipas-golpe-decada-ebrard\">Milenio<\/a> <\/p>\n","protected":false},"excerpt":{"rendered":"<p>El canciller Marcelo Ebrard afirm\u00f3 que la detenci\u00f3n de Juan Gerardo Trevi\u00f1o Ch\u00e1vez, El Huevo, jefe del c\u00e1rtel del Noreste, fue el \u201cgran golpe de la d\u00e9cada\u201d, que se dio\u00a0en el contexto del Entendimiento Bicentenario\u00a0que se tiene con Estados Unidos en materia de seguridad. Inform\u00f3 que este fue uno de los principales temas que se [&hellip;]<\/p>\n","protected":false},"author":35,"featured_media":14758,"comment_status":"open","ping_status":"open","sticky":false,"template":"","format":"standard","meta":{"_monsterinsights_skip_tracking":false,"_monsterinsights_sitenote_active":false,"_monsterinsights_sitenote_note":"","_monsterinsights_sitenote_category":0,"footnotes":""},"categories":[157],"tags":[11889,1029,11890,391,326],"class_list":["post-45332","post","type-post","status-publish","format-standard","has-post-thumbnail","hentry","category-nacional","tag-capo","tag-captura","tag-golpe-de-la-decada","tag-marcelo-ebrard","tag-tamaulipas","wp-image-borders"],"amp_enabled":true,"_links":{"self":[{"href":"https:\/\/nvnoticias.mx\/index.php\/wp-json\/wp\/v2\/posts\/45332","targetHints":{"allow":["GET"]}}],"collection":[{"href":"https:\/\/nvnoticias.mx\/index.php\/wp-json\/wp\/v2\/posts"}],"about":[{"href":"https:\/\/nvnoticias.mx\/index.php\/wp-json\/wp\/v2\/types\/post"}],"author":[{"embeddable":true,"href":"https:\/\/nvnoticias.mx\/index.php\/wp-json\/wp\/v2\/users\/35"}],"replies":[{"embeddable":true,"href":"https:\/\/nvnoticias.mx\/index.php\/wp-json\/wp\/v2\/comments?post=45332"}],"version-history":[{"count":2,"href":"https:\/\/nvnoticias.mx\/index.php\/wp-json\/wp\/v2\/posts\/45332\/revisions"}],"predecessor-version":[{"id":45334,"href":"https:\/\/nvnoticias.mx\/index.php\/wp-json\/wp\/v2\/posts\/45332\/revisions\/45334"}],"wp:featuredmedia":[{"embeddable":true,"href":"https:\/\/nvnoticias.mx\/index.php\/wp-json\/wp\/v2\/media\/14758"}],"wp:attachment":[{"href":"https:\/\/nvnoticias.mx\/index.php\/wp-json\/wp\/v2\/media?parent=45332"}],"wp:term":[{"taxonomy":"category","embeddable":true,"href":"https:\/\/nvnoticias.mx\/index.php\/wp-json\/wp\/v2\/categories?post=45332"},{"taxonomy":"post_tag","embeddable":true,"href":"https:\/\/nvnoticias.mx\/index.php\/wp-json\/wp\/v2\/tags?post=45332"}],"curies":[{"name":"wp","href":"https:\/\/api.w.org\/{rel}","templated":true}]}}