{"id":4521,"date":"2021-02-13T06:44:46","date_gmt":"2021-02-13T12:44:46","guid":{"rendered":"https:\/\/nvnoticias.mx\/?p=4521"},"modified":"2021-02-13T08:46:53","modified_gmt":"2021-02-13T14:46:53","slug":"arrancara-campana-nacional-de-vacunacion-contra-el-covid","status":"publish","type":"post","link":"https:\/\/nvnoticias.mx\/index.php\/2021\/02\/13\/arrancara-campana-nacional-de-vacunacion-contra-el-covid\/","title":{"rendered":"Arrancar\u00e1 campa\u00f1a nacional de vacunaci\u00f3n contra el covid"},"content":{"rendered":"\n<p>Durante una gira de trabajo desde Xaltocan, Tlaxcala, el presidente Andr\u00e9s Manuel L\u00f3pez Obrador inform\u00f3 que el pr\u00f3ximo lunes arrancar\u00e1 la campa\u00f1a nacional de vacunaci\u00f3n contra el covid-19.<\/p>\n\n\n\n<p>El mandatario celebr\u00f3 que est\u00e9n bajando los contagios y los fallecimientos provocados por esta enfermedad, adem\u00e1s confi\u00f3 en que no se detenga la vacunaci\u00f3n ya que afirm\u00f3 que se tienen los contratos firmados para recibir las dosis necesarias para toda la poblaci\u00f3n.<\/p>\n\n\n\n<p>&#8220;Vamos a informar sobre esta campa\u00f1a el domingo en Oaxaca, pero s\u00ed puedo adelantar que desde la semana que viene iniciamos la vacunaci\u00f3n en todo el pa\u00eds y se va a iniciar aqu\u00ed en Tlaxcala y en todos los estados. Espero, porque tenemos ya suscritos los contratos suficientes para la adquisici\u00f3n de la vacuna y&nbsp;no paremos, que ya iniciando la semana pr\u00f3xima la vacunaci\u00f3n nos sigamos de largo; empezando a vacunar primero a los adultos mayores y despu\u00e9s al resto de la poblaci\u00f3n\u201d, dijo.<\/p>\n\n\n\n<figure class=\"wp-block-embed is-type-rich is-provider-gestor-del-servicio wp-block-embed-gestor-del-servicio wp-embed-aspect-16-9 wp-has-aspect-ratio\"><div class=\"wp-block-embed__wrapper\">\n<iframe loading=\"lazy\" title=\"Inauguraci\u00f3n de primera etapa, Universidad para el Bienestar &#039;Benito Ju\u00e1rez&#039; sede Zinacatepec\" width=\"880\" height=\"495\" src=\"https:\/\/www.youtube.com\/embed\/tMXfsxKay9A?feature=oembed\" frameborder=\"0\" allow=\"accelerometer; autoplay; clipboard-write; encrypted-media; gyroscope; picture-in-picture\" allowfullscreen><\/iframe>\n<\/div><\/figure>\n\n\n\n<p>Fuente: Milenio<\/p>\n","protected":false},"excerpt":{"rendered":"<p>El mandatario celebr\u00f3 que est\u00e9n bajando los contagios<\/p>\n","protected":false},"author":6,"featured_media":1954,"comment_status":"open","ping_status":"open","sticky":false,"template":"","format":"standard","meta":{"_monsterinsights_skip_tracking":false,"_monsterinsights_sitenote_active":false,"_monsterinsights_sitenote_note":"","_monsterinsights_sitenote_category":0,"footnotes":""},"categories":[157],"tags":[188,1388,175,162],"class_list":["post-4521","post","type-post","status-publish","format-standard","has-post-thumbnail","hentry","category-nacional","tag-amlo","tag-campana-vacunacion","tag-covid-19","tag-portada","wp-image-borders"],"amp_enabled":true,"_links":{"self":[{"href":"https:\/\/nvnoticias.mx\/index.php\/wp-json\/wp\/v2\/posts\/4521","targetHints":{"allow":["GET"]}}],"collection":[{"href":"https:\/\/nvnoticias.mx\/index.php\/wp-json\/wp\/v2\/posts"}],"about":[{"href":"https:\/\/nvnoticias.mx\/index.php\/wp-json\/wp\/v2\/types\/post"}],"author":[{"embeddable":true,"href":"https:\/\/nvnoticias.mx\/index.php\/wp-json\/wp\/v2\/users\/6"}],"replies":[{"embeddable":true,"href":"https:\/\/nvnoticias.mx\/index.php\/wp-json\/wp\/v2\/comments?post=4521"}],"version-history":[{"count":2,"href":"https:\/\/nvnoticias.mx\/index.php\/wp-json\/wp\/v2\/posts\/4521\/revisions"}],"predecessor-version":[{"id":4525,"href":"https:\/\/nvnoticias.mx\/index.php\/wp-json\/wp\/v2\/posts\/4521\/revisions\/4525"}],"wp:featuredmedia":[{"embeddable":true,"href":"https:\/\/nvnoticias.mx\/index.php\/wp-json\/wp\/v2\/media\/1954"}],"wp:attachment":[{"href":"https:\/\/nvnoticias.mx\/index.php\/wp-json\/wp\/v2\/media?parent=4521"}],"wp:term":[{"taxonomy":"category","embeddable":true,"href":"https:\/\/nvnoticias.mx\/index.php\/wp-json\/wp\/v2\/categories?post=4521"},{"taxonomy":"post_tag","embeddable":true,"href":"https:\/\/nvnoticias.mx\/index.php\/wp-json\/wp\/v2\/tags?post=4521"}],"curies":[{"name":"wp","href":"https:\/\/api.w.org\/{rel}","templated":true}]}}