{"id":45057,"date":"2022-03-13T10:39:11","date_gmt":"2022-03-13T16:39:11","guid":{"rendered":"https:\/\/nvnoticias.mx\/?p=45057"},"modified":"2022-03-13T10:39:12","modified_gmt":"2022-03-13T16:39:12","slug":"registra-veracruz-561-nuevos-casos-de-covid","status":"publish","type":"post","link":"https:\/\/nvnoticias.mx\/index.php\/2022\/03\/13\/registra-veracruz-561-nuevos-casos-de-covid\/","title":{"rendered":"Registra Veracruz 561 nuevos casos de covid"},"content":{"rendered":"\n<p>En las \u00faltimas 24 horas, Veracruz sum\u00f3 174 mil 626 (+ 561 nuevos) casos confirmados de COVID-19, luego de 351 mil 666 estudios practicados.<\/p>\n\n\n\n<p>Son 2 mil 121 positivos y 234 sospechosos activos, al tiempo que van 156 mil 523 pacientes recuperados y permanecen en vigilancia 2 mil 110.<\/p>\n\n\n\n<p>El n\u00famero de fallecimientos es 15 mil 993 (+ 24 nuevos), contabilizando 162 mil 230 resultados negativos y 14 mil 810 sospechosos acumulados.<\/p>\n\n\n\n<p>Plan Nacional de Vacunaci\u00f3n<\/p>\n\n\n\n<p>La aplicaci\u00f3n del refuerzo al sector de 18 a 29 a\u00f1os continuar\u00e1 de acuerdo con el siguiente orden; reiterando que todos los m\u00f3dulos atienden rezagados de cualquier edad y tipo de vacuna.<\/p>\n\n\n\n<p>13 de marzo:<\/p>\n\n\n\n<p>\u2022 Coatzacoalcos.<\/p>\n\n\n\n<p>\u2022 Fort\u00edn.<\/p>\n\n\n\n<p>\u2022 Juan Rodr\u00edguez Clara.<\/p>\n\n\n\n<p>\u2022 Tres Valles.<\/p>\n\n\n\n<p>\u2022 Catemaco.<\/p>\n\n\n\n<p>13 y 14:<\/p>\n\n\n\n<p>\u2022 \u00c1lamo.<\/p>\n\n\n\n<p>\u2022 Ixtaczoquitl\u00e1n.<\/p>\n\n\n\n<p>\u2022 R\u00edo Blanco.<\/p>\n\n\n\n<p>\u2022 Santiago Tuxtla.<\/p>\n\n\n\n<p>Del 13 al 15:<\/p>\n\n\n\n<p>\u2022 Poza Rica.<\/p>\n","protected":false},"excerpt":{"rendered":"<p>En las \u00faltimas 24 horas, Veracruz sum\u00f3 174 mil 626 (+ 561 nuevos) casos confirmados de COVID-19, luego de 351 mil 666 estudios practicados. Son 2 mil 121 positivos y 234 sospechosos activos, al tiempo que van 156 mil 523 pacientes recuperados y permanecen en vigilancia 2 mil 110. El n\u00famero de fallecimientos es 15 [&hellip;]<\/p>\n","protected":false},"author":6,"featured_media":45058,"comment_status":"open","ping_status":"open","sticky":false,"template":"","format":"standard","meta":{"_monsterinsights_skip_tracking":false,"_monsterinsights_sitenote_active":false,"_monsterinsights_sitenote_note":"","_monsterinsights_sitenote_category":0,"footnotes":""},"categories":[156],"tags":[175,180],"class_list":["post-45057","post","type-post","status-publish","format-standard","has-post-thumbnail","hentry","category-estado","tag-covid-19","tag-veracruz","wp-image-borders"],"amp_enabled":true,"_links":{"self":[{"href":"https:\/\/nvnoticias.mx\/index.php\/wp-json\/wp\/v2\/posts\/45057","targetHints":{"allow":["GET"]}}],"collection":[{"href":"https:\/\/nvnoticias.mx\/index.php\/wp-json\/wp\/v2\/posts"}],"about":[{"href":"https:\/\/nvnoticias.mx\/index.php\/wp-json\/wp\/v2\/types\/post"}],"author":[{"embeddable":true,"href":"https:\/\/nvnoticias.mx\/index.php\/wp-json\/wp\/v2\/users\/6"}],"replies":[{"embeddable":true,"href":"https:\/\/nvnoticias.mx\/index.php\/wp-json\/wp\/v2\/comments?post=45057"}],"version-history":[{"count":1,"href":"https:\/\/nvnoticias.mx\/index.php\/wp-json\/wp\/v2\/posts\/45057\/revisions"}],"predecessor-version":[{"id":45059,"href":"https:\/\/nvnoticias.mx\/index.php\/wp-json\/wp\/v2\/posts\/45057\/revisions\/45059"}],"wp:featuredmedia":[{"embeddable":true,"href":"https:\/\/nvnoticias.mx\/index.php\/wp-json\/wp\/v2\/media\/45058"}],"wp:attachment":[{"href":"https:\/\/nvnoticias.mx\/index.php\/wp-json\/wp\/v2\/media?parent=45057"}],"wp:term":[{"taxonomy":"category","embeddable":true,"href":"https:\/\/nvnoticias.mx\/index.php\/wp-json\/wp\/v2\/categories?post=45057"},{"taxonomy":"post_tag","embeddable":true,"href":"https:\/\/nvnoticias.mx\/index.php\/wp-json\/wp\/v2\/tags?post=45057"}],"curies":[{"name":"wp","href":"https:\/\/api.w.org\/{rel}","templated":true}]}}