{"id":44984,"date":"2022-03-12T14:10:11","date_gmt":"2022-03-12T20:10:11","guid":{"rendered":"https:\/\/nvnoticias.mx\/?p=44984"},"modified":"2022-03-12T14:12:30","modified_gmt":"2022-03-12T20:12:30","slug":"80-de-veracruzanos-tira-aceite-comestible-usado-en-drenaje","status":"publish","type":"post","link":"https:\/\/nvnoticias.mx\/index.php\/2022\/03\/12\/80-de-veracruzanos-tira-aceite-comestible-usado-en-drenaje\/","title":{"rendered":"80% de veracruzanos tira aceite comestible usado en drenaje"},"content":{"rendered":"\n<p><strong>Sam Ojeda \/ NV Noticias<\/strong><\/p>\n\n\n\n<p>Xalapa.- La directora general de Vinculaci\u00f3n Social de la Secretar\u00eda de Medio Ambiente (Sedema) Brenda Joan Soto, advirti\u00f3 que el 80 por ciento de la poblaci\u00f3n vierte el aceite comestible usado en los drenajes de sus hogares.<\/p>\n\n\n\n<p>Esto provoca contaminaci\u00f3n de r\u00edos y en general de los cuerpos de agua aumenta y dijo que por cada litro de aceite que se tira en los drenajes o no se les da una disposici\u00f3n final adecuada se contaminan mil litros de agua.<\/p>\n\n\n\n<blockquote class=\"wp-block-quote is-layout-flow wp-block-quote-is-layout-flow\"><p><em>\u201cNormalmente las personas lavan los sartenes y todo lo depositan directamente al fregadero y va directo al drenaje. Lo que queremos es que haya conciencia de qu\u00e9 hay empresas que recolectan este aceite (\u2026) Yo creo que un 20 por ciento de la poblaci\u00f3n est\u00e1 generando esa conciencia<\/em>\u201d.<\/p><\/blockquote>\n\n\n\n<p>Adem\u00e1s genera en los cuerpos de agua una capa de aceite que impide la oxigenaci\u00f3n y con ello se afecta la biodiversidad que haya en ella.<\/p>\n\n\n\n<p>La funcionaria acept\u00f3 que no se tiene un estimado de la cantidad de aceite comestible usado que se vierte en r\u00edos, lagos y en general cuerpos de agua del estado.<\/p>\n\n\n\n<p>A\u00f1adi\u00f3 que el mayor da\u00f1o es cometido por industrias, restaurantes y comercios que no dan una disposici\u00f3n adecuada, por lo cual la Sedema ha comenzado con acercamientos con este sector a fin de brindar alternativas.<\/p>\n","protected":false},"excerpt":{"rendered":"<p>Sam Ojeda \/ NV Noticias Xalapa.- La directora general de Vinculaci\u00f3n Social de la Secretar\u00eda de Medio Ambiente (Sedema) Brenda Joan Soto, advirti\u00f3 que el 80 por ciento de la poblaci\u00f3n vierte el aceite comestible usado en los drenajes de sus hogares. Esto provoca contaminaci\u00f3n de r\u00edos y en general de los cuerpos de agua [&hellip;]<\/p>\n","protected":false},"author":8,"featured_media":44986,"comment_status":"open","ping_status":"open","sticky":false,"template":"","format":"standard","meta":{"_monsterinsights_skip_tracking":false,"_monsterinsights_sitenote_active":false,"_monsterinsights_sitenote_note":"","_monsterinsights_sitenote_category":0,"footnotes":""},"categories":[156],"tags":[11804,368],"class_list":["post-44984","post","type-post","status-publish","format-standard","has-post-thumbnail","hentry","category-estado","tag-aceite-comestible","tag-drenaje","wp-image-borders"],"amp_enabled":true,"_links":{"self":[{"href":"https:\/\/nvnoticias.mx\/index.php\/wp-json\/wp\/v2\/posts\/44984","targetHints":{"allow":["GET"]}}],"collection":[{"href":"https:\/\/nvnoticias.mx\/index.php\/wp-json\/wp\/v2\/posts"}],"about":[{"href":"https:\/\/nvnoticias.mx\/index.php\/wp-json\/wp\/v2\/types\/post"}],"author":[{"embeddable":true,"href":"https:\/\/nvnoticias.mx\/index.php\/wp-json\/wp\/v2\/users\/8"}],"replies":[{"embeddable":true,"href":"https:\/\/nvnoticias.mx\/index.php\/wp-json\/wp\/v2\/comments?post=44984"}],"version-history":[{"count":2,"href":"https:\/\/nvnoticias.mx\/index.php\/wp-json\/wp\/v2\/posts\/44984\/revisions"}],"predecessor-version":[{"id":44989,"href":"https:\/\/nvnoticias.mx\/index.php\/wp-json\/wp\/v2\/posts\/44984\/revisions\/44989"}],"wp:featuredmedia":[{"embeddable":true,"href":"https:\/\/nvnoticias.mx\/index.php\/wp-json\/wp\/v2\/media\/44986"}],"wp:attachment":[{"href":"https:\/\/nvnoticias.mx\/index.php\/wp-json\/wp\/v2\/media?parent=44984"}],"wp:term":[{"taxonomy":"category","embeddable":true,"href":"https:\/\/nvnoticias.mx\/index.php\/wp-json\/wp\/v2\/categories?post=44984"},{"taxonomy":"post_tag","embeddable":true,"href":"https:\/\/nvnoticias.mx\/index.php\/wp-json\/wp\/v2\/tags?post=44984"}],"curies":[{"name":"wp","href":"https:\/\/api.w.org\/{rel}","templated":true}]}}