{"id":44969,"date":"2022-03-12T12:01:48","date_gmt":"2022-03-12T18:01:48","guid":{"rendered":"https:\/\/nvnoticias.mx\/?p=44969"},"modified":"2022-03-12T12:01:50","modified_gmt":"2022-03-12T18:01:50","slug":"permanece-ayuntamiento-en-guardia-permanente-por-efectos-de-frente-frio","status":"publish","type":"post","link":"https:\/\/nvnoticias.mx\/index.php\/2022\/03\/12\/permanece-ayuntamiento-en-guardia-permanente-por-efectos-de-frente-frio\/","title":{"rendered":"Permanece Ayuntamiento en guardia permanente por efectos de frente fr\u00edo"},"content":{"rendered":"\n<p>Xalapa, Ver.- Esta ma\u00f1ana, el alcalde Ricardo Ahued Bardahuil se reuni\u00f3 con el director de Protecci\u00f3n Civil, Luis Sardi\u00f1a Salgado, quien entreg\u00f3 al Edil el reporte de las afectaciones del norte que desde anoche se registra en la capital veracruzana.<\/p>\n\n\n\n<p>Para seguridad de la poblaci\u00f3n, desde la noche del viernes se instal\u00f3 una mesa de trabajo y se atendieron los reportes de la poblaci\u00f3n que, afortunadamente, no fueron graves.<\/p>\n\n\n\n<p>El alcalde Ricardo Ahued Bardahuil instruy\u00f3 al titular de Protecci\u00f3n Civil Municipal y a los responsables de todas las \u00e1reas operativas del Ayuntamiento a permanecer atentos a los llamados de la ciudadan\u00eda y atenderlos inmediatamente. <\/p>\n","protected":false},"excerpt":{"rendered":"<p>Xalapa, Ver.- Esta ma\u00f1ana, el alcalde Ricardo Ahued Bardahuil se reuni\u00f3 con el director de Protecci\u00f3n Civil, Luis Sardi\u00f1a Salgado, quien entreg\u00f3 al Edil el reporte de las afectaciones del norte que desde anoche se registra en la capital veracruzana. Para seguridad de la poblaci\u00f3n, desde la noche del viernes se instal\u00f3 una mesa de [&hellip;]<\/p>\n","protected":false},"author":8,"featured_media":44970,"comment_status":"open","ping_status":"open","sticky":false,"template":"","format":"standard","meta":{"_monsterinsights_skip_tracking":false,"_monsterinsights_sitenote_active":false,"_monsterinsights_sitenote_note":"","_monsterinsights_sitenote_category":0,"footnotes":""},"categories":[156],"tags":[266,2257,1086,312],"class_list":["post-44969","post","type-post","status-publish","format-standard","has-post-thumbnail","hentry","category-estado","tag-frente-frio","tag-proteccion-civil","tag-ricardo-ahued","tag-xalapa","wp-image-borders"],"amp_enabled":true,"_links":{"self":[{"href":"https:\/\/nvnoticias.mx\/index.php\/wp-json\/wp\/v2\/posts\/44969","targetHints":{"allow":["GET"]}}],"collection":[{"href":"https:\/\/nvnoticias.mx\/index.php\/wp-json\/wp\/v2\/posts"}],"about":[{"href":"https:\/\/nvnoticias.mx\/index.php\/wp-json\/wp\/v2\/types\/post"}],"author":[{"embeddable":true,"href":"https:\/\/nvnoticias.mx\/index.php\/wp-json\/wp\/v2\/users\/8"}],"replies":[{"embeddable":true,"href":"https:\/\/nvnoticias.mx\/index.php\/wp-json\/wp\/v2\/comments?post=44969"}],"version-history":[{"count":1,"href":"https:\/\/nvnoticias.mx\/index.php\/wp-json\/wp\/v2\/posts\/44969\/revisions"}],"predecessor-version":[{"id":44971,"href":"https:\/\/nvnoticias.mx\/index.php\/wp-json\/wp\/v2\/posts\/44969\/revisions\/44971"}],"wp:featuredmedia":[{"embeddable":true,"href":"https:\/\/nvnoticias.mx\/index.php\/wp-json\/wp\/v2\/media\/44970"}],"wp:attachment":[{"href":"https:\/\/nvnoticias.mx\/index.php\/wp-json\/wp\/v2\/media?parent=44969"}],"wp:term":[{"taxonomy":"category","embeddable":true,"href":"https:\/\/nvnoticias.mx\/index.php\/wp-json\/wp\/v2\/categories?post=44969"},{"taxonomy":"post_tag","embeddable":true,"href":"https:\/\/nvnoticias.mx\/index.php\/wp-json\/wp\/v2\/tags?post=44969"}],"curies":[{"name":"wp","href":"https:\/\/api.w.org\/{rel}","templated":true}]}}