{"id":44951,"date":"2022-03-12T09:45:56","date_gmt":"2022-03-12T15:45:56","guid":{"rendered":"https:\/\/nvnoticias.mx\/?p=44951"},"modified":"2022-03-12T09:45:58","modified_gmt":"2022-03-12T15:45:58","slug":"tras-dos-anos-de-espera-marc-anthony-se-presento-en-el-palacio-de-los-deportes","status":"publish","type":"post","link":"https:\/\/nvnoticias.mx\/index.php\/2022\/03\/12\/tras-dos-anos-de-espera-marc-anthony-se-presento-en-el-palacio-de-los-deportes\/","title":{"rendered":"Tras dos a\u00f1os de espera, Marc Anthony se present\u00f3 en el Palacio de los Deportes"},"content":{"rendered":"\n<p>El Palacio de los Deportes se transform\u00f3 anoche en una suerte de santuario, en el que hubo movimientos, sudor, sensualidad, alegr\u00eda y hasta llanto. Como dice uno de los temas m\u00e1s emblem\u00e1ticos de\u00a0Marc Anthony, \u201cvali\u00f3 pena\u201d.<\/p>\n\n\n\n<p>La espera fue larga. Primero suspendi\u00f3 sus fechas en mayo de 2020 debido al inicio de la pandemia por el Covid-19, luego hizo lo mismo con las fechas reprogramadas en diciembre del a\u00f1o pasado, pero todo eso qued\u00f3 atr\u00e1s cuando el artista subi\u00f3 al escenario enfundado en un traje oscuro, una camisa blanca desabotonada y lentes.<\/p>\n\n\n\n<p>El\u00a0concierto\u00a0arranc\u00f3 a las 20:48 horas con una peque\u00f1a introducci\u00f3n musical que puso de pie a los asistentes, quienes gritaron al ver salir a su \u00eddolo musical. El baile arranc\u00f3 con los primeros acordes del tema m\u00e1s llegador, \u201cVali\u00f3 la pena\u201d, mientras que con \u201cY hubo alguien\u201d muchos dejaron su bebida para cantar, con voces que provocaron que el cantante les cediera el micr\u00f3fono varias veces.<\/p>\n\n\n\n<p>Entre las fan\u00e1ticas que no dejaron de cantar se encontraba Marta Mujica, de 47 a\u00f1os, quien destac\u00f3 su sentir por la espera, que implic\u00f3 no escuchar m\u00fasica en vivo y, lo peor, no poder bailar: \u201cLa salsa me divierte y esto es sensacional, la idea de esta noche es bailar junto a mi hija\u201d, dijo la mujer.<\/p>\n\n\n\n<p>El movimiento de caderas del cantante enloqueci\u00f3 a otras fan\u00e1ticas de distintas edades. Entre ellas, se encontraba Abigail Macedo, de 24 a\u00f1os, quien es fan de Marc desde hace cinco e increment\u00f3 su preferencia por \u00e9l durante el encierro.<\/p>\n\n\n\n<p>Ya entre gritos, Marc continu\u00f3 con\u00a0\u201cFlor p\u00e1lida\u201d, canci\u00f3n que, admiti\u00f3 el int\u00e9rprete, es de sus favoritas y en la que hizo algunas pausas al cantar debido a que el sentimiento hizo que se le humedecieran los ojos.<\/p>\n\n\n\n<figure class=\"wp-block-image\"><img decoding=\"async\" src=\"https:\/\/www.eluniversal.com.mx\/sites\/default\/files\/upload\/u40231\/marc_anthony_concierto.jpg\" alt=\"marc_anthony_concierto.jpg\"\/><\/figure>\n\n\n\n<p>Con una producci\u00f3n que consist\u00eda en tres pantallas gigantes y dos pisos escalonados sobre el escenario, el\u00a0cantante\u00a0estadounidense tambi\u00e9n cedi\u00f3 los reflectores a sus m\u00fasicos, a quienes en cada tema los dej\u00f3 hacer un solo, siendo el baterista y los percusionistas quienes m\u00e1s impactaron por su destreza.<\/p>\n\n\n\n<p>El romanticismo comenz\u00f3 cuando interpret\u00f3 un medley de algunos \u00e9xitos reconocidos como \u201cAbr\u00e1zame muy fuerte\u201d, de Juan Gabriel; \u201cAlmohada\u201d, un cover de Jos\u00e9 Jos\u00e9; y \u201c\u00bfY c\u00f3mo es \u00e9l?\u201d, de Jos\u00e9 Luis Perales.<\/p>\n\n\n\n<p>El ritual termin\u00f3 con dos actos especiales: primero, el salsero se hinc\u00f3 y bes\u00f3 al escenario; luego, con \u201cVivir la vida\u201d sac\u00f3 una bandera nacional. \u201cMi querido M\u00e9xico, la vida es una, muchas gracias\u201d, dijo entre aplausos.<\/p>\n\n\n\n<p>Fuente: <a href=\"https:\/\/www.eluniversal.com.mx\/espectaculos\/marc-anthony-la-espera-valio-la-pena\">El Universal<\/a><\/p>\n","protected":false},"excerpt":{"rendered":"<p>El Palacio de los Deportes se transform\u00f3 anoche en una suerte de santuario, en el que hubo movimientos, sudor, sensualidad, alegr\u00eda y hasta llanto. Como dice uno de los temas m\u00e1s emblem\u00e1ticos de\u00a0Marc Anthony, \u201cvali\u00f3 pena\u201d. La espera fue larga. Primero suspendi\u00f3 sus fechas en mayo de 2020 debido al inicio de la pandemia por [&hellip;]<\/p>\n","protected":false},"author":8,"featured_media":44952,"comment_status":"open","ping_status":"open","sticky":false,"template":"","format":"standard","meta":{"_monsterinsights_skip_tracking":false,"_monsterinsights_sitenote_active":false,"_monsterinsights_sitenote_note":"","_monsterinsights_sitenote_category":0,"footnotes":""},"categories":[576],"tags":[801,11799,8849],"class_list":["post-44951","post","type-post","status-publish","format-standard","has-post-thumbnail","hentry","category-ocio","tag-concierto","tag-marc-anthony","tag-palacio-de-los-deportes","wp-image-borders"],"amp_enabled":true,"_links":{"self":[{"href":"https:\/\/nvnoticias.mx\/index.php\/wp-json\/wp\/v2\/posts\/44951","targetHints":{"allow":["GET"]}}],"collection":[{"href":"https:\/\/nvnoticias.mx\/index.php\/wp-json\/wp\/v2\/posts"}],"about":[{"href":"https:\/\/nvnoticias.mx\/index.php\/wp-json\/wp\/v2\/types\/post"}],"author":[{"embeddable":true,"href":"https:\/\/nvnoticias.mx\/index.php\/wp-json\/wp\/v2\/users\/8"}],"replies":[{"embeddable":true,"href":"https:\/\/nvnoticias.mx\/index.php\/wp-json\/wp\/v2\/comments?post=44951"}],"version-history":[{"count":1,"href":"https:\/\/nvnoticias.mx\/index.php\/wp-json\/wp\/v2\/posts\/44951\/revisions"}],"predecessor-version":[{"id":44953,"href":"https:\/\/nvnoticias.mx\/index.php\/wp-json\/wp\/v2\/posts\/44951\/revisions\/44953"}],"wp:featuredmedia":[{"embeddable":true,"href":"https:\/\/nvnoticias.mx\/index.php\/wp-json\/wp\/v2\/media\/44952"}],"wp:attachment":[{"href":"https:\/\/nvnoticias.mx\/index.php\/wp-json\/wp\/v2\/media?parent=44951"}],"wp:term":[{"taxonomy":"category","embeddable":true,"href":"https:\/\/nvnoticias.mx\/index.php\/wp-json\/wp\/v2\/categories?post=44951"},{"taxonomy":"post_tag","embeddable":true,"href":"https:\/\/nvnoticias.mx\/index.php\/wp-json\/wp\/v2\/tags?post=44951"}],"curies":[{"name":"wp","href":"https:\/\/api.w.org\/{rel}","templated":true}]}}