{"id":44875,"date":"2022-03-11T14:19:42","date_gmt":"2022-03-11T20:19:42","guid":{"rendered":"https:\/\/nvnoticias.mx\/?p=44875"},"modified":"2022-03-11T14:19:43","modified_gmt":"2022-03-11T20:19:43","slug":"anuncia-warner-bros-nuevo-calendario-de-estrenos","status":"publish","type":"post","link":"https:\/\/nvnoticias.mx\/index.php\/2022\/03\/11\/anuncia-warner-bros-nuevo-calendario-de-estrenos\/","title":{"rendered":"Anuncia Warner Bros nuevo calendario de estrenos"},"content":{"rendered":"\n<p>La distribuidora&nbsp;<strong>Warner Bros. Pictures<\/strong>&nbsp;anunci\u00f3 este mi\u00e9rcoles que&nbsp;<strong>aplazar\u00e1 los estrenos de algunas pel\u00edculas<\/strong>, como&nbsp;<em><strong>Aquaman 2, Black Adam&nbsp;<\/strong><\/em>y<em><strong>&nbsp;The Flash<\/strong><\/em>, todas pertenecientes a la franquicia de DC Comics; de igual manera, otras cintas como&nbsp;<em><strong>Wonka, DC Liga de Supermascotas&nbsp;<\/strong><\/em>y<em><strong>&nbsp;Shazam! Fury of Gods<\/strong><\/em>, por mencionar algunas.<\/p>\n\n\n\n<p>\u00bfPor qu\u00e9? De acuerdo con\u00a0<em>Variety<\/em>, entre las razones que han provocado el retraso a algunas producciones de la empresa se encuentran la\u00a0<strong>pandemia<\/strong>\u00a0por COVID-19, que sigue afectando la grabaci\u00f3n y post-producci\u00f3n de algunos filmes.<\/p>\n\n\n\n<p>Dwayne Johnson fue el primero en mencionar los cambios en el calendario de estrenos de Warner Bros. al anunciar el mi\u00e9rcoles por la tarde que\u00a0<em>Black Adam<\/em>\u00a0y\u00a0<em>DC Liga de Supermascotas<\/em>\u00a0se retrasar\u00edan; la empresa hizo oficial el resto de los cambios de lanzamiento poco despu\u00e9s.<\/p>\n\n\n\n<p>A pesar de haber tenido un buen inicio de a\u00f1o con el estreno de&nbsp;<em>The Batman<\/em>, que se ha colocado como el favorito del a\u00f1o hasta ahora, este retraso podr\u00eda tener alg\u00fan tipo de repercusi\u00f3n en las cintas que ser\u00e1n pospuestas, incluso, hasta nueve meses despu\u00e9s de lo planeado.<\/p>\n\n\n\n<p>Aunque no todo est\u00e1 perdido, pues\u00a0<strong>una de estas cintas se adelantar\u00e1 en su salida<\/strong>. A continuaci\u00f3n te compartimos el nuevo\u00a0<strong>calendario de estrenos de Warner Bros.<\/strong>, para que lo tengas a la mano y no haya alguna confusi\u00f3n.<\/p>\n\n\n\n<ul class=\"wp-block-list\"><li><em><strong>Aquaman and the Lost Kingdom<\/strong><\/em>: del 16 de diciembre de 2022 al 17 de marzo de 2023.<\/li><li><em><strong>The Flash<\/strong><\/em>: del 4 de noviembre de 2022 al 23 de junio de 2023.<\/li><li><em><strong>Black Adam<\/strong><\/em>: del 29 de julio de 2022 al 21 de octubre de 2022.<\/li><li><em><strong>DC Liga de Supermascotas<\/strong><\/em>: del 20 de mayo de 2022 al 29 de julio de 2022.<\/li><li><em><strong>Wonka<\/strong><\/em>: del 17 de marzo de 2023 al 15 de diciembre de 2023.<\/li><li><em><strong>Shazam! Fury of the Gods<\/strong><\/em>: del 2 de junio de 2023 al 12 de diciembre de 2022.<\/li><li><em><strong>Meg 2: The Trench<\/strong><\/em>: llegar\u00e1 el 4 de agosto de 2023.<\/li><\/ul>\n\n\n\n<p>Fuente: <a href=\"https:\/\/www.elfinanciero.com.mx\/entretenimiento\/2022\/03\/10\/warner-bros-anuncia-nuevo-calendario-de-estrenos-atrasa-peliculas-de-dc\/\" data-type=\"URL\" data-id=\"https:\/\/www.elfinanciero.com.mx\/entretenimiento\/2022\/03\/10\/warner-bros-anuncia-nuevo-calendario-de-estrenos-atrasa-peliculas-de-dc\/\">El financiero<\/a><\/p>\n","protected":false},"excerpt":{"rendered":"<p>La distribuidora&nbsp;Warner Bros. Pictures&nbsp;anunci\u00f3 este mi\u00e9rcoles que&nbsp;aplazar\u00e1 los estrenos de algunas pel\u00edculas, como&nbsp;Aquaman 2, Black Adam&nbsp;y&nbsp;The Flash, todas pertenecientes a la franquicia de DC Comics; de igual manera, otras cintas como&nbsp;Wonka, DC Liga de Supermascotas&nbsp;y&nbsp;Shazam! Fury of Gods, por mencionar algunas. \u00bfPor qu\u00e9? De acuerdo con\u00a0Variety, entre las razones que han provocado el retraso a [&hellip;]<\/p>\n","protected":false},"author":35,"featured_media":27760,"comment_status":"open","ping_status":"open","sticky":false,"template":"","format":"standard","meta":{"_monsterinsights_skip_tracking":false,"_monsterinsights_sitenote_active":false,"_monsterinsights_sitenote_note":"","_monsterinsights_sitenote_category":0,"footnotes":""},"categories":[576],"tags":[7791,11775,8003,11774],"class_list":["post-44875","post","type-post","status-publish","format-standard","has-post-thumbnail","hentry","category-ocio","tag-anuncia","tag-calendario-de-estrenos","tag-nuevo","tag-warner-bros-2","wp-image-borders"],"amp_enabled":true,"_links":{"self":[{"href":"https:\/\/nvnoticias.mx\/index.php\/wp-json\/wp\/v2\/posts\/44875","targetHints":{"allow":["GET"]}}],"collection":[{"href":"https:\/\/nvnoticias.mx\/index.php\/wp-json\/wp\/v2\/posts"}],"about":[{"href":"https:\/\/nvnoticias.mx\/index.php\/wp-json\/wp\/v2\/types\/post"}],"author":[{"embeddable":true,"href":"https:\/\/nvnoticias.mx\/index.php\/wp-json\/wp\/v2\/users\/35"}],"replies":[{"embeddable":true,"href":"https:\/\/nvnoticias.mx\/index.php\/wp-json\/wp\/v2\/comments?post=44875"}],"version-history":[{"count":1,"href":"https:\/\/nvnoticias.mx\/index.php\/wp-json\/wp\/v2\/posts\/44875\/revisions"}],"predecessor-version":[{"id":44876,"href":"https:\/\/nvnoticias.mx\/index.php\/wp-json\/wp\/v2\/posts\/44875\/revisions\/44876"}],"wp:featuredmedia":[{"embeddable":true,"href":"https:\/\/nvnoticias.mx\/index.php\/wp-json\/wp\/v2\/media\/27760"}],"wp:attachment":[{"href":"https:\/\/nvnoticias.mx\/index.php\/wp-json\/wp\/v2\/media?parent=44875"}],"wp:term":[{"taxonomy":"category","embeddable":true,"href":"https:\/\/nvnoticias.mx\/index.php\/wp-json\/wp\/v2\/categories?post=44875"},{"taxonomy":"post_tag","embeddable":true,"href":"https:\/\/nvnoticias.mx\/index.php\/wp-json\/wp\/v2\/tags?post=44875"}],"curies":[{"name":"wp","href":"https:\/\/api.w.org\/{rel}","templated":true}]}}