{"id":44832,"date":"2022-03-11T12:26:23","date_gmt":"2022-03-11T18:26:23","guid":{"rendered":"https:\/\/nvnoticias.mx\/?p=44832"},"modified":"2022-03-11T12:26:24","modified_gmt":"2022-03-11T18:26:24","slug":"anuncian-aumento-a-la-tortilla-en-xalapa-y-la-region","status":"publish","type":"post","link":"https:\/\/nvnoticias.mx\/index.php\/2022\/03\/11\/anuncian-aumento-a-la-tortilla-en-xalapa-y-la-region\/","title":{"rendered":"Anuncian aumento a la tortilla en Xalapa y la regi\u00f3n"},"content":{"rendered":"\n<p><strong>Sam Ojeda\u00a0\/ NV Noticias<\/strong><\/p>\n\n\n\n<p>Xalapa.- A partir del pr\u00f3ximo 14 de marzo el costo de la tortilla y la masa se incrementar\u00e1, inform\u00f3 la Uni\u00f3n de Industriales de la Masa y la Tortilla de Xalapa, Coatepec y la regi\u00f3n.<\/p>\n\n\n\n<p>Dieron a conocer que el costo del ma\u00edz, harina y combinada sufrir\u00e1 un incremento de un peso a partir del pr\u00f3ximo martes.\u00a0<\/p>\n\n\n\n<blockquote class=\"wp-block-quote is-layout-flow wp-block-quote-is-layout-flow\"><p>\u201c<em>A partir del 14 de marzo de 2022 nuestros productos sufrir\u00e1n un aumento de un peso en sus respectivas presentaciones, ma\u00edz, harina y combinada<\/em>\u201d.\u00a0<\/p><\/blockquote>\n\n\n\n<p>Se\u00f1alan que el aumento se debe al incremento en el costo de los insumos que se requieren para estos productos.\u00a0<\/p>\n\n\n\n<blockquote class=\"wp-block-quote is-layout-flow wp-block-quote-is-layout-flow\"><p>\u201c<em>Nos resulta imposible seguir manteniendo nuestros costos<\/em>\u201d, afirman.<\/p><\/blockquote>\n\n\n\n<p>Actualmente el costo del kilogramo de tortilla es de entre 16 a 18 pesos, que ya mostraba un incremento ya que antes de febrero el costo era de 14 pesos por kilogramo.\u00a0<\/p>\n\n\n\n<p>En el caso de la masa, el costo por kilogramo actualmente es de entre 12 a 15 pesos, dependiendo la zona de que se trate.\u00a0<\/p>\n","protected":false},"excerpt":{"rendered":"<p>Sam Ojeda\u00a0\/ NV Noticias Xalapa.- A partir del pr\u00f3ximo 14 de marzo el costo de la tortilla y la masa se incrementar\u00e1, inform\u00f3 la Uni\u00f3n de Industriales de la Masa y la Tortilla de Xalapa, Coatepec y la regi\u00f3n. Dieron a conocer que el costo del ma\u00edz, harina y combinada sufrir\u00e1 un incremento de un [&hellip;]<\/p>\n","protected":false},"author":8,"featured_media":44833,"comment_status":"open","ping_status":"open","sticky":false,"template":"","format":"standard","meta":{"_monsterinsights_skip_tracking":false,"_monsterinsights_sitenote_active":false,"_monsterinsights_sitenote_note":"","_monsterinsights_sitenote_category":0,"footnotes":""},"categories":[156],"tags":[3378,2808,1536,312],"class_list":["post-44832","post","type-post","status-publish","format-standard","has-post-thumbnail","hentry","category-estado","tag-incremento","tag-precio","tag-tortilla","tag-xalapa","wp-image-borders"],"amp_enabled":true,"_links":{"self":[{"href":"https:\/\/nvnoticias.mx\/index.php\/wp-json\/wp\/v2\/posts\/44832","targetHints":{"allow":["GET"]}}],"collection":[{"href":"https:\/\/nvnoticias.mx\/index.php\/wp-json\/wp\/v2\/posts"}],"about":[{"href":"https:\/\/nvnoticias.mx\/index.php\/wp-json\/wp\/v2\/types\/post"}],"author":[{"embeddable":true,"href":"https:\/\/nvnoticias.mx\/index.php\/wp-json\/wp\/v2\/users\/8"}],"replies":[{"embeddable":true,"href":"https:\/\/nvnoticias.mx\/index.php\/wp-json\/wp\/v2\/comments?post=44832"}],"version-history":[{"count":1,"href":"https:\/\/nvnoticias.mx\/index.php\/wp-json\/wp\/v2\/posts\/44832\/revisions"}],"predecessor-version":[{"id":44835,"href":"https:\/\/nvnoticias.mx\/index.php\/wp-json\/wp\/v2\/posts\/44832\/revisions\/44835"}],"wp:featuredmedia":[{"embeddable":true,"href":"https:\/\/nvnoticias.mx\/index.php\/wp-json\/wp\/v2\/media\/44833"}],"wp:attachment":[{"href":"https:\/\/nvnoticias.mx\/index.php\/wp-json\/wp\/v2\/media?parent=44832"}],"wp:term":[{"taxonomy":"category","embeddable":true,"href":"https:\/\/nvnoticias.mx\/index.php\/wp-json\/wp\/v2\/categories?post=44832"},{"taxonomy":"post_tag","embeddable":true,"href":"https:\/\/nvnoticias.mx\/index.php\/wp-json\/wp\/v2\/tags?post=44832"}],"curies":[{"name":"wp","href":"https:\/\/api.w.org\/{rel}","templated":true}]}}