{"id":44825,"date":"2022-03-11T12:19:05","date_gmt":"2022-03-11T18:19:05","guid":{"rendered":"https:\/\/nvnoticias.mx\/?p=44825"},"modified":"2022-03-11T12:21:41","modified_gmt":"2022-03-11T18:21:41","slug":"carta-de-mexico-al-parlamento-europeo-incurrio-en-una-falta-diplomatica","status":"publish","type":"post","link":"https:\/\/nvnoticias.mx\/index.php\/2022\/03\/11\/carta-de-mexico-al-parlamento-europeo-incurrio-en-una-falta-diplomatica\/","title":{"rendered":"Carta de M\u00e9xico al Parlamento Europeo incurri\u00f3 en una falta diplom\u00e1tica"},"content":{"rendered":"\n<p><strong>Jes\u00fas Utrilla \/ NV Noticias<\/strong><\/p>\n\n\n\n<p>La carta que envi\u00f3 el Gobierno de M\u00e9xico al Parlamento Europeo, en respuesta a la petici\u00f3n de que se proteja a los periodistas, incurri\u00f3 en una falta diplom\u00e1tica, consider\u00f3 el Senador del PAN Julen Rementer\u00eda del Puerto.<\/p>\n\n\n\n<p>A su parecer la respuesta de M\u00e9xico fue desafortunada y desproporcionada de lenguaje, a dem\u00e1s que en la carta de contestaci\u00f3n nunca se habla sobre el tema central de discusi\u00f3n que es, los periodistas y la falta de garant\u00edas de seguridad para ejercer su profesi\u00f3n.<\/p>\n\n\n\n<blockquote class=\"wp-block-quote is-layout-flow wp-block-quote-is-layout-flow\"><p>&#8220;<em>Si ustedes leen paso a paso, l\u00ednea por l\u00ednea el comunicado, me parece una desproporci\u00f3n en el uso del lenguaje, c\u00f3mo se manifiesta, pareciera que con mucho coraje le contestas y como decimos aqu\u00ed en Veracruz, le canta el tiro. Como diciendo, mira ah\u00ed est\u00e1 y hazle como quieras, inf\u00f3rmate bien<\/em>\u201d.<\/p><\/blockquote>\n\n\n\n<p>Es de mencionar que, hace unos d\u00edas, el propio Parlamento Europeo solicit\u00f3 al Gobierno de M\u00e9xico garantizar la protecci\u00f3n de periodistas y activistas en territorio nacional, toda vez que, se dieron a conocer cifras qu\u00e9 demostraban qu\u00e9 M\u00e9xico, es uno de los pa\u00edses m\u00e1s hostiles para ejercer el periodismo, dejando el 95 por ciento de los casos de asesinato impunes.<\/p>\n\n\n\n<blockquote class=\"wp-block-quote is-layout-flow wp-block-quote-is-layout-flow\"><p>&#8220;<em>Me parece que en ning\u00fan caso deber\u00eda de haber una comunicaci\u00f3n como la que hubo, me parece algo que, adem\u00e1s el lenguaje que se ocupa, pues no tiene ni la m\u00e1s m\u00ednima diplomacia<\/em>\u201d.<\/p><\/blockquote>\n\n\n\n<p>A su parecer&nbsp;&nbsp;en lugar de dejar un buen sabor de boca al defender a M\u00e9xico hubo lenguaje agresivo.<\/p>\n\n\n\n<p>Dijo que espera que esto no genere una relaci\u00f3n r\u00edspida con los pa\u00edses europeos; aunque reconoci\u00f3, no se abonar\u00e1 a mejorar los lazos.<\/p>\n","protected":false},"excerpt":{"rendered":"<p>Jes\u00fas Utrilla \/ NV Noticias La carta que envi\u00f3 el Gobierno de M\u00e9xico al Parlamento Europeo, en respuesta a la petici\u00f3n de que se proteja a los periodistas, incurri\u00f3 en una falta diplom\u00e1tica, consider\u00f3 el Senador del PAN Julen Rementer\u00eda del Puerto. A su parecer la respuesta de M\u00e9xico fue desafortunada y desproporcionada de lenguaje, [&hellip;]<\/p>\n","protected":false},"author":8,"featured_media":44828,"comment_status":"open","ping_status":"open","sticky":false,"template":"","format":"standard","meta":{"_monsterinsights_skip_tracking":false,"_monsterinsights_sitenote_active":false,"_monsterinsights_sitenote_note":"","_monsterinsights_sitenote_category":0,"footnotes":""},"categories":[158],"tags":[6757,808,11752,162],"class_list":["post-44825","post","type-post","status-publish","format-standard","has-post-thumbnail","hentry","category-politica","tag-carta","tag-julen-rementeria","tag-parlamento-europeo","tag-portada","wp-image-borders"],"amp_enabled":true,"_links":{"self":[{"href":"https:\/\/nvnoticias.mx\/index.php\/wp-json\/wp\/v2\/posts\/44825","targetHints":{"allow":["GET"]}}],"collection":[{"href":"https:\/\/nvnoticias.mx\/index.php\/wp-json\/wp\/v2\/posts"}],"about":[{"href":"https:\/\/nvnoticias.mx\/index.php\/wp-json\/wp\/v2\/types\/post"}],"author":[{"embeddable":true,"href":"https:\/\/nvnoticias.mx\/index.php\/wp-json\/wp\/v2\/users\/8"}],"replies":[{"embeddable":true,"href":"https:\/\/nvnoticias.mx\/index.php\/wp-json\/wp\/v2\/comments?post=44825"}],"version-history":[{"count":2,"href":"https:\/\/nvnoticias.mx\/index.php\/wp-json\/wp\/v2\/posts\/44825\/revisions"}],"predecessor-version":[{"id":44831,"href":"https:\/\/nvnoticias.mx\/index.php\/wp-json\/wp\/v2\/posts\/44825\/revisions\/44831"}],"wp:featuredmedia":[{"embeddable":true,"href":"https:\/\/nvnoticias.mx\/index.php\/wp-json\/wp\/v2\/media\/44828"}],"wp:attachment":[{"href":"https:\/\/nvnoticias.mx\/index.php\/wp-json\/wp\/v2\/media?parent=44825"}],"wp:term":[{"taxonomy":"category","embeddable":true,"href":"https:\/\/nvnoticias.mx\/index.php\/wp-json\/wp\/v2\/categories?post=44825"},{"taxonomy":"post_tag","embeddable":true,"href":"https:\/\/nvnoticias.mx\/index.php\/wp-json\/wp\/v2\/tags?post=44825"}],"curies":[{"name":"wp","href":"https:\/\/api.w.org\/{rel}","templated":true}]}}