{"id":44819,"date":"2022-03-11T12:00:01","date_gmt":"2022-03-11T18:00:01","guid":{"rendered":"https:\/\/nvnoticias.mx\/?p=44819"},"modified":"2022-03-11T12:00:03","modified_gmt":"2022-03-11T18:00:03","slug":"que-se-sumen-como-borregos-no-es-insulto-amlo","status":"publish","type":"post","link":"https:\/\/nvnoticias.mx\/index.php\/2022\/03\/11\/que-se-sumen-como-borregos-no-es-insulto-amlo\/","title":{"rendered":"Que se sumen como borregos no es insulto: AMLO"},"content":{"rendered":"\n<p>Luego de que la\u00a0respuesta del gobierno mexicano a la resoluci\u00f3n del Parlamento Europeo\u00a0suscitara cr\u00edticas en redes sociales, el presidente L\u00f3pez Obrador aclar\u00f3 este viernes que la carta no contiene injurias en contra de los eurodiputados.<\/p>\n\n\n\n<blockquote class=\"wp-block-quote is-layout-flow wp-block-quote-is-layout-flow\"><p>\u201c\u2018Que se sumen como borregos\u2019 eso no es ning\u00fan insulto, cuando me toc\u00f3 ir al Parlamento ingl\u00e9s que se ponen cara a cara legisladores conservadores y liberales, los opositores comienzan a decir be-e, be-e\u201d, coment\u00f3.<\/p><\/blockquote>\n\n\n\n<p>Tras la\u00a0resoluci\u00f3n emitida este jueves por legisladores europeos\u00a0en la que se solicitaban a las autoridades mexicanas garantizar la protecci\u00f3n y la creaci\u00f3n de un entorno seguro para\u00a0<strong>periodistas y defensores de los derechos humanos,\u00a0<\/strong>la administraci\u00f3n de AMLO public\u00f3 su r\u00e9plica en redes sociales con el pretexto de informar a toda la poblaci\u00f3n del pa\u00eds.<\/p>\n\n\n\n<p>\u201cEvolucionen,&nbsp;<strong>dejen atr\u00e1s su man\u00eda injerencista disfrazada de buenas intenciones<\/strong>. Ustedes no son el gobierno mundial\u201d, reza uno de los fragmentos.<\/p>\n\n\n\n<p>Sin embargo, el jefe del Ejecutivo defendi\u00f3 este viernes la carta que escribi\u00f3 junto con el Coordinador General de Comunicaci\u00f3n Social, Jes\u00fas Ram\u00edrez.<\/p>\n\n\n\n<p>\u201cFueron sorprendidos los legisladores europeos porque no es cierto lo que sostienen, es completamente falso, por eso hubo un pronunciamiento para que tengan una idea los legisladores de Europa\u201d, expuso.<\/p>\n\n\n\n<p>\u201cSe fij\u00f3 una postura por parte del gobierno de M\u00e9xico ante una resoluci\u00f3n calumniosa del Parlamento Europeo, a veces se puede pensar que solo aqu\u00ed antes era costumbre que los legisladores votaran sin leer, sin informarse, por consigna, ahora nos estamos enterando que esto sucede en todo el mundo\u201d, lanz\u00f3 hacia sus cr\u00edticos.<\/p>\n\n\n\n<p>El mandatario reiter\u00f3, como en casi todas las r\u00e9plicas hacia sus detractores que la violencia actual es resultado de los&nbsp;<strong>sexenios neoliberales<\/strong>.<\/p>\n\n\n\n<p>\u201cLamentablemente la violencia que heredamos, del periodo neoliberal de los gobiernos que se aliaban a la delincuencia organizada, por esos resabios que heredamos del periodo neoliberal seguimos teniendo homicidios en el pa\u00eds, ya vamos con una tendencia a la baja, estamos trabajando todos los d\u00edas\u201d, sostuvo.<\/p>\n\n\n\n<p>Fuente: <a href=\"https:\/\/www.elfinanciero.com.mx\/nacional\/2022\/03\/11\/que-se-sumen-como-borregos-no-es-insulto-dice-amlo-sobre-carta-al-parlamento-europeo\/\" data-type=\"URL\" data-id=\"https:\/\/www.elfinanciero.com.mx\/nacional\/2022\/03\/11\/que-se-sumen-como-borregos-no-es-insulto-dice-amlo-sobre-carta-al-parlamento-europeo\/\">El financiero<\/a><\/p>\n","protected":false},"excerpt":{"rendered":"<p>Luego de que la\u00a0respuesta del gobierno mexicano a la resoluci\u00f3n del Parlamento Europeo\u00a0suscitara cr\u00edticas en redes sociales, el presidente L\u00f3pez Obrador aclar\u00f3 este viernes que la carta no contiene injurias en contra de los eurodiputados. \u201c\u2018Que se sumen como borregos\u2019 eso no es ning\u00fan insulto, cuando me toc\u00f3 ir al Parlamento ingl\u00e9s que se ponen [&hellip;]<\/p>\n","protected":false},"author":35,"featured_media":37637,"comment_status":"open","ping_status":"open","sticky":false,"template":"","format":"standard","meta":{"_monsterinsights_skip_tracking":false,"_monsterinsights_sitenote_active":false,"_monsterinsights_sitenote_note":"","_monsterinsights_sitenote_category":0,"footnotes":""},"categories":[158],"tags":[188,11737,9271,11752],"class_list":["post-44819","post","type-post","status-publish","format-standard","has-post-thumbnail","hentry","category-politica","tag-amlo","tag-borregos","tag-insulto","tag-parlamento-europeo","wp-image-borders"],"amp_enabled":true,"_links":{"self":[{"href":"https:\/\/nvnoticias.mx\/index.php\/wp-json\/wp\/v2\/posts\/44819","targetHints":{"allow":["GET"]}}],"collection":[{"href":"https:\/\/nvnoticias.mx\/index.php\/wp-json\/wp\/v2\/posts"}],"about":[{"href":"https:\/\/nvnoticias.mx\/index.php\/wp-json\/wp\/v2\/types\/post"}],"author":[{"embeddable":true,"href":"https:\/\/nvnoticias.mx\/index.php\/wp-json\/wp\/v2\/users\/35"}],"replies":[{"embeddable":true,"href":"https:\/\/nvnoticias.mx\/index.php\/wp-json\/wp\/v2\/comments?post=44819"}],"version-history":[{"count":1,"href":"https:\/\/nvnoticias.mx\/index.php\/wp-json\/wp\/v2\/posts\/44819\/revisions"}],"predecessor-version":[{"id":44820,"href":"https:\/\/nvnoticias.mx\/index.php\/wp-json\/wp\/v2\/posts\/44819\/revisions\/44820"}],"wp:featuredmedia":[{"embeddable":true,"href":"https:\/\/nvnoticias.mx\/index.php\/wp-json\/wp\/v2\/media\/37637"}],"wp:attachment":[{"href":"https:\/\/nvnoticias.mx\/index.php\/wp-json\/wp\/v2\/media?parent=44819"}],"wp:term":[{"taxonomy":"category","embeddable":true,"href":"https:\/\/nvnoticias.mx\/index.php\/wp-json\/wp\/v2\/categories?post=44819"},{"taxonomy":"post_tag","embeddable":true,"href":"https:\/\/nvnoticias.mx\/index.php\/wp-json\/wp\/v2\/tags?post=44819"}],"curies":[{"name":"wp","href":"https:\/\/api.w.org\/{rel}","templated":true}]}}