{"id":44760,"date":"2022-03-10T17:12:42","date_gmt":"2022-03-10T23:12:42","guid":{"rendered":"https:\/\/nvnoticias.mx\/?p=44760"},"modified":"2022-03-10T17:12:44","modified_gmt":"2022-03-10T23:12:44","slug":"moral-de-la-sabiduria","status":"publish","type":"post","link":"https:\/\/nvnoticias.mx\/index.php\/2022\/03\/10\/moral-de-la-sabiduria\/","title":{"rendered":"Moral de la sabidur\u00eda"},"content":{"rendered":"\n<p><strong>Juan Jos\u00e9 Rodr\u00edguez Prats<\/strong><\/p>\n\n\n\n<blockquote class=\"wp-block-quote is-layout-flow wp-block-quote-is-layout-flow\"><p><em>Volveremos a ser un pa\u00eds de tornillos que sufren y tuercas que los aprietan.<\/em><\/p><cite><strong>\u00a0Svetlana Aleksi\u00e9vich<\/strong><\/cite><\/blockquote>\n\n\n\n<p>La necesidad de contener el poder es un clamor globalizado y, en nuestro pa\u00eds, cada vez m\u00e1s persistente y sonoro. Me permito transcribir una reflexi\u00f3n genial de Raymond Aron, gran pensador del siglo XX: \u201cLa \u00fanica moral que supera a la moral del combate y de la fuerza es una moral a la que yo llamar\u00eda moral de la sabidur\u00eda que se esfuerza no solo por tener en consideraci\u00f3n todas las particularidades concretas de cada caso concreto, sino tambi\u00e9n por no descuidar ninguno de los argumentos de principio y de oportunidad, por no olvidar ni la relaci\u00f3n de las fuerzas ni la voluntad de los pueblos\u201d.<\/p>\n\n\n\n<p>Hay ciclos en la vida pol\u00edtica en que se percibe un buen \u00e1nimo en la gente, hay estabilidad, buena gobernabilidad y una esperanza de alcanzar mejores niveles de bienestar. Hace m\u00e1s de 50 a\u00f1os, Gabriel Almond y Sydney Verba midieron la cultura c\u00edvica de varias naciones. Esto es, el conjunto de actitudes y creencias que dan orden y significado a un proceso pol\u00edtico. Se empez\u00f3 a hablar del capital social; es decir, la calidad en cuanto a preparaci\u00f3n y conducta de la sociedad en su conjunto. M\u00e9xico no fue mal calificado. Sin ser considerado una democracia, se le percib\u00eda como un gobierno en transici\u00f3n con avances mensurables. Hoy se nos considera como un r\u00e9gimen h\u00edbrido: ni democr\u00e1tico ni autoritario, con serias amenazas de retroceso.<\/p>\n\n\n\n<p>\u00bfQu\u00e9 hacer? Aqu\u00ed entra la acertada recomendaci\u00f3n de Raymond Aron. La globalizaci\u00f3n, la pandemia, la inseguridad y, sobre todo, la lucha por el poder hace de nuestra \u00e9poca un ciclo de decisiones que nos marcaron por varias generaciones. Grave irresponsabilidad ser\u00eda no percibirlo.<\/p>\n\n\n\n<p>El mismo autor ten\u00eda un lema: \u201cSin ilusiones y sin pesimismo\u201d y desde ese enfoque podemos afirmar que nuevamente hemos fracasado en nuestro anhelo de democratizar nuestra naci\u00f3n. Asumir ese hecho corresponde a una moral de la sabidur\u00eda y, por lo tanto, debemos ponderar en qu\u00e9 instituci\u00f3n recae la tarea de corregir el rumbo. No tengo ninguna duda: en nuestras asambleas parlamentarias. Nuestra m\u00e1s grave carencia es la capacidad para deliberar.<\/p>\n\n\n\n<p>El tema hoy, en todas las naciones, es si se puede hacer pol\u00edtica con \u00e9tica. El populismo, con su notable empuje, niega vinculaci\u00f3n alguna, ese es su principio de identidad. Trump, Putin, Bolsonaro y muchos m\u00e1s son los m\u00e1s conspicuos ejemplos. La pregunta entonces es la misma desde hace siglos, \u00bfde qu\u00e9 \u00e9tica hablamos?<\/p>\n\n\n\n<p>El pensamiento de Aron coincide con Weber: La \u00e9tica de la responsabilidad. Arist\u00f3teles hablaba de virtudes; Kant, de deberes; Jeremy Bentham de lo \u00fatil. A mi juicio, lo m\u00e1s importante en un funcionario p\u00fablico es que precise sus deberes y se esfuerce por cumplirlos. El primero de ellos es preservar de la mejor manera la instituci\u00f3n de la que se ha asumido el mando, conservar lo que le ha sido entregado en calidad de custodio. Esa es la caracter\u00edstica esencial de la democracia, que es un sistema pol\u00edtico sustentado en deberes. Los grandes gobernantes no trascienden por grandes prop\u00f3sitos o planes, sino por asumir y cumplir sus deberes, una obviedad. Ni largas listas ni complicados proyectos para detectarlos. Los impone la circunstancia y lo exigen los pueblos. Claro que para cumplir esas obligaciones se requieren virtudes. El deber es un bien que obliga.<\/p>\n\n\n\n<p>En resumen, una pol\u00edtica sin \u00e9tica no es pol\u00edtica y una \u00e9tica sin pol\u00edtica no es \u00e9tica. Me emocion\u00f3 la reflexi\u00f3n de Volod\u00edmir Zelenski: \u201cNo quiero mis fotos en sus oficinas. El presidente no es un icono, un \u00eddolo o un retrato\u201d. En su lugar cuelguen la foto de sus hijos y m\u00edrenla cada vez que tomen una decisi\u00f3n\u201d. El l\u00edder ucraniano, en otras palabras, se\u00f1ala que las nuevas generaciones son la conciencia que nos exige la preservaci\u00f3n de lo bueno y la correcci\u00f3n de lo malo.<\/p>\n\n\n\n<p>Es hora de retornar a lo sencillo y el \u00fanico medio es enalteciendo nuestra capacidad para deliberar.<\/p>\n","protected":false},"excerpt":{"rendered":"<p>Juan Jos\u00e9 Rodr\u00edguez Prats Volveremos a ser un pa\u00eds de tornillos que sufren y tuercas que los aprietan. \u00a0Svetlana Aleksi\u00e9vich La necesidad de contener el poder es un clamor globalizado y, en nuestro pa\u00eds, cada vez m\u00e1s persistente y sonoro. Me permito transcribir una reflexi\u00f3n genial de Raymond Aron, gran pensador del siglo XX: \u201cLa [&hellip;]<\/p>\n","protected":false},"author":17,"featured_media":44761,"comment_status":"open","ping_status":"open","sticky":false,"template":"","format":"standard","meta":{"_monsterinsights_skip_tracking":false,"_monsterinsights_sitenote_active":false,"_monsterinsights_sitenote_note":"","_monsterinsights_sitenote_category":0,"footnotes":""},"categories":[614],"tags":[397],"class_list":["post-44760","post","type-post","status-publish","format-standard","has-post-thumbnail","hentry","category-politica-de-principios","tag-juan-jose-rodriguez-prats-2","wp-image-borders"],"amp_enabled":true,"_links":{"self":[{"href":"https:\/\/nvnoticias.mx\/index.php\/wp-json\/wp\/v2\/posts\/44760","targetHints":{"allow":["GET"]}}],"collection":[{"href":"https:\/\/nvnoticias.mx\/index.php\/wp-json\/wp\/v2\/posts"}],"about":[{"href":"https:\/\/nvnoticias.mx\/index.php\/wp-json\/wp\/v2\/types\/post"}],"author":[{"embeddable":true,"href":"https:\/\/nvnoticias.mx\/index.php\/wp-json\/wp\/v2\/users\/17"}],"replies":[{"embeddable":true,"href":"https:\/\/nvnoticias.mx\/index.php\/wp-json\/wp\/v2\/comments?post=44760"}],"version-history":[{"count":1,"href":"https:\/\/nvnoticias.mx\/index.php\/wp-json\/wp\/v2\/posts\/44760\/revisions"}],"predecessor-version":[{"id":44762,"href":"https:\/\/nvnoticias.mx\/index.php\/wp-json\/wp\/v2\/posts\/44760\/revisions\/44762"}],"wp:featuredmedia":[{"embeddable":true,"href":"https:\/\/nvnoticias.mx\/index.php\/wp-json\/wp\/v2\/media\/44761"}],"wp:attachment":[{"href":"https:\/\/nvnoticias.mx\/index.php\/wp-json\/wp\/v2\/media?parent=44760"}],"wp:term":[{"taxonomy":"category","embeddable":true,"href":"https:\/\/nvnoticias.mx\/index.php\/wp-json\/wp\/v2\/categories?post=44760"},{"taxonomy":"post_tag","embeddable":true,"href":"https:\/\/nvnoticias.mx\/index.php\/wp-json\/wp\/v2\/tags?post=44760"}],"curies":[{"name":"wp","href":"https:\/\/api.w.org\/{rel}","templated":true}]}}