{"id":44757,"date":"2022-03-10T17:00:29","date_gmt":"2022-03-10T23:00:29","guid":{"rendered":"https:\/\/nvnoticias.mx\/?p=44757"},"modified":"2022-03-10T17:00:31","modified_gmt":"2022-03-10T23:00:31","slug":"estados-unidos-dejo-fuera-a-3-millones-de-latinos-en-el-censo-de-2020","status":"publish","type":"post","link":"https:\/\/nvnoticias.mx\/index.php\/2022\/03\/10\/estados-unidos-dejo-fuera-a-3-millones-de-latinos-en-el-censo-de-2020\/","title":{"rendered":"Estados Unidos dej\u00f3 fuera a 3 millones de latinos en el censo de 2020"},"content":{"rendered":"\n<p>Organizaciones y l\u00edderes que abogan por la\u00a0comunidad hispana\u00a0criticaron este jueves a la\u00a0Oficina del Censo de Estados Unidos\u00a0por dejar por fuera del conteo de 2020 a m\u00e1s de\u00a0tres millones de latinos, e hicieron un llamado a realizar un conteo de manera &#8220;justa y precisa&#8221;.\u00a0<\/p>\n\n\n\n<p>Las reacciones se dieron tras el anuncio de la Oficina del Censo de que se dio un\u00a0conteo incompleto\u00a0de la comunidad latina del pa\u00eds considerado &#8220;estad\u00edsticamente significativo&#8221; de 4,99 % en 2020, mucho m\u00e1s que el 1,54 % que tuvo el censo de 2010, seg\u00fan los resultados de dos an\u00e1lisis sobre la calidad de ese proceso realizado hace dos a\u00f1os.\u00a0<\/p>\n\n\n\n<p>El\u00a0conteo de 2020\u00a0dio cuenta de 62,1 millones de latinos en el pa\u00eds, por lo que el error de 4,99% dej\u00f3 fuera a m\u00e1s de tres millones de hispanos.\u00a0<\/p>\n\n\n\n<p>Arturo Vargas, director de la\u00a0<em>Asociaci\u00f3n Nacional de Funcionarios Elegidos y Designados<\/em>\u00a0(NALEO), dijo hoy en un comunicado que desde que se dieron las primeras cifras del conteo la situaci\u00f3n &#8220;ol\u00eda a quemado&#8221; y se preve\u00eda \u201cun incendio\u201d.\u00a0<\/p>\n\n\n\n<blockquote class=\"wp-block-quote is-layout-flow wp-block-quote-is-layout-flow\"><p>\u201c<em>Lo que sospech\u00e1bamos sobre un posible conteo insuficiente de latinos result\u00f3 ser cierto<\/em>&#8220;, se\u00f1al\u00f3.\u00a0<\/p><\/blockquote>\n\n\n\n<p>Por su parte,\u00a0Jorge Mario Cabrera, vocero de la\u00a0<em>Coalici\u00f3n por los Derechos Humanos de los Inmigrantes\u00a0<\/em>(CHIRLA) en\u00a0Los \u00c1ngeles,\u00a0dijo a Efe que &#8220;cada vez que fuerzas pol\u00edticas y antiinmigrantes se juntan para crear un ambiente hostil durante un conteo de esta magnitud, los resultados pueden ser desastrosos para ciertas comunidades, como ocurri\u00f3&#8221;.\u00a0<\/p>\n\n\n\n<p>Vargas coincidi\u00f3 con Cabrera y descarg\u00f3 la responsabilidad en el Gobierno del ahora\u00a0expresidente\u00a0Donald Trump\u00a0(2017-2021). \u201cNo hay duda de que la interferencia pol\u00edtica de la Administraci\u00f3n anterior contribuy\u00f3 al conteo insuficiente&#8221;, consider\u00f3.\u00a0<\/p>\n\n\n\n<p>Y es que el ahora exsecretario de Comercio\u00a0Wilbur Ross, encargado de llevar a cabo del conteo de 2020, &#8220;trat\u00f3 infructuosamente&#8221; de\u00a0excluir a los indocumentados\u00a0del conteo. La Oficina del Censo forma parte del Departamento de Comercio de Estados Unidos.\u00a0<\/p>\n\n\n\n<p>&#8220;Cre\u00f3 (Ross) un ambiente que dej\u00f3 a latinos y otros temerosos de responder al censo. En conjunto, estos factores escalofriantes dejaron a la Oficina del Censo sumida en esc\u00e1ndalos y reveses, lo que socav\u00f3 su misi\u00f3n de contar a nuestra poblaci\u00f3n de manera justa y precisa&#8221;, valor\u00f3 Vargas.&nbsp;<\/p>\n\n\n\n<p>En ese sentido el\u00a0congresista dem\u00f3crata Joaqu\u00edn Castro\u00a0dijo hoy en un mensaje de Twitter que el resultado impreciso del conteo &#8220;fue intencional&#8221;.\u00a0<\/p>\n\n\n\n<blockquote class=\"wp-block-quote is-layout-flow wp-block-quote-is-layout-flow\"><p>&#8220;<em>Despu\u00e9s de que Trump trat\u00f3 de usar el censo para imponer a la fuerza su racismo y su xenofobia, los latinos fueron subestimados a tres veces la tasa de 2010<\/em>&#8220;, advirti\u00f3 el representante federal por Texas.\u00a0<\/p><\/blockquote>\n\n\n\n<p>Los problemas en el conteo en el caso de los\u00a0hispanos\u00a0fue incluso mayor que en el de la\u00a0poblaci\u00f3n afroamericana, que fue de 3,3 % y que no es considerado &#8220;estad\u00edsticamente diferente&#8221; del 2,06 % de 2010.\u00a0<\/p>\n\n\n\n<p>Por otro lado, la\u00a0poblaci\u00f3n blanca no hispana\u00a0tuvo una tasa de conteo por encima de la cifra real &#8220;estad\u00edsticamente significativa&#8221; de 1,64 %, una proporci\u00f3n \u201cestad\u00edsticamente diferente&#8221; del conteo superior del 0,83 % en 2010. Adem\u00e1s el conteo de 2020 cont\u00f3 por encima de la cifra real a la\u00a0poblaci\u00f3n asi\u00e1tica.\u00a0<\/p>\n\n\n\n<p>Entre los grupos de edades, el conteo de 2020 cont\u00f3 por debajo de la cifra real a los ni\u00f1os de 0 a 17 a\u00f1os, en particular a los de 0 a 4 a\u00f1os.&nbsp;<\/p>\n\n\n\n<p>Vargas resalt\u00f3 que pese a las &#8220;considerables fallas&#8221; en el n\u00famero de latinos contados, los datos del conteo de 2020 ya se han utilizado para redistribuir los\u00a0distritos electorales\u00a0y el n\u00famero de esca\u00f1os en la\u00a0C\u00e1mara de Representantes\u00a0de EE.UU.\u00a0<\/p>\n\n\n\n<p>Los datos del conteo tambi\u00e9n guiar\u00e1n la distribuci\u00f3n de m\u00e1s de\u00a01,5 billones en fondos federales\u00a0anualmente a los estados y localidades.\u00a0<\/p>\n\n\n\n<blockquote class=\"wp-block-quote is-layout-flow wp-block-quote-is-layout-flow\"><p>&#8220;<em>La mala asignaci\u00f3n potencial de estos recursos podr\u00eda tener un efecto perjudicial en nuestras escuelas, sistemas de salud, infraestructura y programas esenciales para la futura prosperidad y bienestar de las familias latinas y todos los residentes de nuestra naci\u00f3n<\/em>&#8220;, advirti\u00f3 el director de NALEO.\u00a0<\/p><\/blockquote>\n\n\n\n<p>Ante este panorama las\u00a0organizaciones\u00a0hicieron un llamado para que se trate de\u00a0corregir el problema.\u00a0&#8220;El Gobierno estadounidense deber\u00e1 tomar medidas adicionales para asegurarse de que los resultados de este censo reflejen la realidad de quienes vivimos en esta naci\u00f3n&#8221;, sostuvo Cabrera.\u00a0<\/p>\n\n\n\n<p>Vargas a su vez hizo un llamado a la Oficina del Censo para que realice &#8220;un an\u00e1lisis exhaustivo del impacto que tiene este conteo insuficiente en el segundo grupo de poblaci\u00f3n m\u00e1s grande de nuestra naci\u00f3n y evaluar las opciones para mejorarlo&#8221;. EFE\u00a0<\/p>\n\n\n\n<p>Fuente: <a href=\"https:\/\/www.viveusa.mx\/noticias\/estados-unidos-deja-fuera-3-millones-de-latinos-en-el-censo-de-2020\">Viveusa<\/a><\/p>\n","protected":false},"excerpt":{"rendered":"<p>Organizaciones y l\u00edderes que abogan por la\u00a0comunidad hispana\u00a0criticaron este jueves a la\u00a0Oficina del Censo de Estados Unidos\u00a0por dejar por fuera del conteo de 2020 a m\u00e1s de\u00a0tres millones de latinos, e hicieron un llamado a realizar un conteo de manera &#8220;justa y precisa&#8221;.\u00a0 Las reacciones se dieron tras el anuncio de la Oficina del Censo [&hellip;]<\/p>\n","protected":false},"author":8,"featured_media":44758,"comment_status":"open","ping_status":"open","sticky":false,"template":"","format":"standard","meta":{"_monsterinsights_skip_tracking":false,"_monsterinsights_sitenote_active":false,"_monsterinsights_sitenote_note":"","_monsterinsights_sitenote_category":0,"footnotes":""},"categories":[181],"tags":[316,5807,183,11729],"class_list":["post-44757","post","type-post","status-publish","format-standard","has-post-thumbnail","hentry","category-internacional","tag-316","tag-censo","tag-estados-unidos","tag-latinos","wp-image-borders"],"amp_enabled":true,"_links":{"self":[{"href":"https:\/\/nvnoticias.mx\/index.php\/wp-json\/wp\/v2\/posts\/44757","targetHints":{"allow":["GET"]}}],"collection":[{"href":"https:\/\/nvnoticias.mx\/index.php\/wp-json\/wp\/v2\/posts"}],"about":[{"href":"https:\/\/nvnoticias.mx\/index.php\/wp-json\/wp\/v2\/types\/post"}],"author":[{"embeddable":true,"href":"https:\/\/nvnoticias.mx\/index.php\/wp-json\/wp\/v2\/users\/8"}],"replies":[{"embeddable":true,"href":"https:\/\/nvnoticias.mx\/index.php\/wp-json\/wp\/v2\/comments?post=44757"}],"version-history":[{"count":1,"href":"https:\/\/nvnoticias.mx\/index.php\/wp-json\/wp\/v2\/posts\/44757\/revisions"}],"predecessor-version":[{"id":44759,"href":"https:\/\/nvnoticias.mx\/index.php\/wp-json\/wp\/v2\/posts\/44757\/revisions\/44759"}],"wp:featuredmedia":[{"embeddable":true,"href":"https:\/\/nvnoticias.mx\/index.php\/wp-json\/wp\/v2\/media\/44758"}],"wp:attachment":[{"href":"https:\/\/nvnoticias.mx\/index.php\/wp-json\/wp\/v2\/media?parent=44757"}],"wp:term":[{"taxonomy":"category","embeddable":true,"href":"https:\/\/nvnoticias.mx\/index.php\/wp-json\/wp\/v2\/categories?post=44757"},{"taxonomy":"post_tag","embeddable":true,"href":"https:\/\/nvnoticias.mx\/index.php\/wp-json\/wp\/v2\/tags?post=44757"}],"curies":[{"name":"wp","href":"https:\/\/api.w.org\/{rel}","templated":true}]}}