{"id":4466,"date":"2021-02-12T12:45:06","date_gmt":"2021-02-12T18:45:06","guid":{"rendered":"https:\/\/nvnoticias.mx\/?p=4466"},"modified":"2021-02-12T12:55:36","modified_gmt":"2021-02-12T18:55:36","slug":"jarooochos-se-registra-juan-santiago-carvajal-como-precandidato-a-la-diputacion-local-por-morena","status":"publish","type":"post","link":"https:\/\/nvnoticias.mx\/index.php\/2021\/02\/12\/jarooochos-se-registra-juan-santiago-carvajal-como-precandidato-a-la-diputacion-local-por-morena\/","title":{"rendered":"\u00a1Jarooochos!, se registra Juan Santiago Carvajal como precandidato a la diputaci\u00f3n local por Morena"},"content":{"rendered":"\n<p>Mediante redes sociales, el locutor originario del Puerto de Veracruz, Juan Santiago Carvajal Sohen, conocido por su programa de radio al lado de Eduardo &#8220;El Topper&#8221; Cure\u00f1o, anunci\u00f3 la noche de este jueves que se inscribi\u00f3 como precandidato de Morena para la diputaci\u00f3n local del distrito XIV por Veracruz.<\/p>\n\n\n\n<p>Juan Santiago realiz\u00f3 un en vivo en la red social Facebook, donde dio a conocer su aspiraci\u00f3n para competir en las Elecciones de este a\u00f1o, adem\u00e1s de mostrar su registro como precandidato por Morena.<\/p>\n\n\n\n<p>Remarc\u00f3 tener m\u00e1s de 40 a\u00f1os de conocer el distrito XIV; pues al desempe\u00f1arse como presentador y locutor, ha recorrido muchos lugares conociendo las necesidades de las veracruzanas y los veracruzanos.<\/p>\n","protected":false},"excerpt":{"rendered":"<p>Mediante redes sociales, el locutor originario del Puerto de Veracruz, Juan Santiago Carvajal Sohen, conocido por su programa de radio al lado de Eduardo &#8220;El Topper&#8221; Cure\u00f1o, anunci\u00f3 la noche de este jueves que se inscribi\u00f3 como precandidato de Morena para la diputaci\u00f3n local del distrito XIV por Veracruz. Juan Santiago realiz\u00f3 un en vivo [&hellip;]<\/p>\n","protected":false},"author":7,"featured_media":4467,"comment_status":"open","ping_status":"open","sticky":false,"template":"","format":"standard","meta":{"_monsterinsights_skip_tracking":false,"_monsterinsights_sitenote_active":false,"_monsterinsights_sitenote_note":"","_monsterinsights_sitenote_category":0,"footnotes":""},"categories":[158],"tags":[1354,1355,681,1353,252],"class_list":["post-4466","post","type-post","status-publish","format-standard","has-post-thumbnail","hentry","category-politica","tag-diputacion-local","tag-distrito-xiv","tag-elecciones-2021","tag-juan-santiago-carvajal-sohen","tag-morena","wp-image-borders"],"amp_enabled":true,"_links":{"self":[{"href":"https:\/\/nvnoticias.mx\/index.php\/wp-json\/wp\/v2\/posts\/4466","targetHints":{"allow":["GET"]}}],"collection":[{"href":"https:\/\/nvnoticias.mx\/index.php\/wp-json\/wp\/v2\/posts"}],"about":[{"href":"https:\/\/nvnoticias.mx\/index.php\/wp-json\/wp\/v2\/types\/post"}],"author":[{"embeddable":true,"href":"https:\/\/nvnoticias.mx\/index.php\/wp-json\/wp\/v2\/users\/7"}],"replies":[{"embeddable":true,"href":"https:\/\/nvnoticias.mx\/index.php\/wp-json\/wp\/v2\/comments?post=4466"}],"version-history":[{"count":2,"href":"https:\/\/nvnoticias.mx\/index.php\/wp-json\/wp\/v2\/posts\/4466\/revisions"}],"predecessor-version":[{"id":4472,"href":"https:\/\/nvnoticias.mx\/index.php\/wp-json\/wp\/v2\/posts\/4466\/revisions\/4472"}],"wp:featuredmedia":[{"embeddable":true,"href":"https:\/\/nvnoticias.mx\/index.php\/wp-json\/wp\/v2\/media\/4467"}],"wp:attachment":[{"href":"https:\/\/nvnoticias.mx\/index.php\/wp-json\/wp\/v2\/media?parent=4466"}],"wp:term":[{"taxonomy":"category","embeddable":true,"href":"https:\/\/nvnoticias.mx\/index.php\/wp-json\/wp\/v2\/categories?post=4466"},{"taxonomy":"post_tag","embeddable":true,"href":"https:\/\/nvnoticias.mx\/index.php\/wp-json\/wp\/v2\/tags?post=4466"}],"curies":[{"name":"wp","href":"https:\/\/api.w.org\/{rel}","templated":true}]}}