{"id":44641,"date":"2022-03-10T12:24:45","date_gmt":"2022-03-10T18:24:45","guid":{"rendered":"https:\/\/nvnoticias.mx\/?p=44641"},"modified":"2022-03-10T12:24:46","modified_gmt":"2022-03-10T18:24:46","slug":"mujer-denuncio-maltrato-pero-por-fallos-de-la-fiscalia-su-agresor-quedo-en-libertad","status":"publish","type":"post","link":"https:\/\/nvnoticias.mx\/index.php\/2022\/03\/10\/mujer-denuncio-maltrato-pero-por-fallos-de-la-fiscalia-su-agresor-quedo-en-libertad\/","title":{"rendered":"Mujer denunci\u00f3 maltrato pero por fallos de la Fiscal\u00eda su agresor qued\u00f3 en libertad"},"content":{"rendered":"\n<p><strong>Sam Ojeda\u00a0\/ NV Noticias<\/strong><\/p>\n\n\n\n<p>Xalapa.- Durante 28 a\u00f1os Zenaida Zendejas Landa sufri\u00f3 todo tipo de violencias por parte de su ex pareja, y en 2018 se decidi\u00f3 a presentar la denuncia a pesar del temor que sent\u00eda.<\/p>\n\n\n\n<p>\u00a0A cuatro a\u00f1os de interponer la denuncia, la mujer se\u00f1ala que la Fiscal\u00eda General del estado integr\u00f3 mal la carpeta de investigaci\u00f3n y su ex pareja qued\u00f3 en libertad.\u00a0<\/p>\n\n\n\n<blockquote class=\"wp-block-quote is-layout-flow wp-block-quote-is-layout-flow\"><p>\u201c<em>Fui maltratada por muchos a\u00f1os. La Fiscal\u00eda tard\u00f3 dos a\u00f1os en enviar la capeta a Pacho y ah\u00ed me dicen que hubo error por parte de la Fiscal\u00eda porque no entreg\u00f3 la carpeta de manera correcta<\/em>\u201d. \u00a0<\/p><\/blockquote>\n\n\n\n<p>En entrevista se\u00f1al\u00f3 que durante todo el proceso en la Fiscal\u00eda fue revictimizada por no saber ni leer y por su condici\u00f3n de empleada dom\u00e9stica; ahora, con su agresor en libertad teme por su vida.\u00a0<\/p>\n\n\n\n<blockquote class=\"wp-block-quote is-layout-flow wp-block-quote-is-layout-flow\"><p>\u201c<em>No me hicieron caso, solamente se burlaron de m\u00ed, me dec\u00edan que s\u00ed me iban a apoyar y no lo han hecho, llevaron la carpeta mal integrada. Pido la ayuda del gobierno, que se investigue bien porque no se vale, siempre me dio miedo denunciar, denunci\u00e9 y ahora temo por mi vida<\/em>\u201d.<\/p><\/blockquote>\n\n\n\n<p>Narr\u00f3 que durante los a\u00f1os de violencia permaneci\u00f3 junto a su agresor por temor de perder a sus tres hijos que entonces eran menores de edad, y por lo cual sufri\u00f3 toda clase de golpes, violencia psicol\u00f3gica y verbal. \u00a0<\/p>\n\n\n\n<blockquote class=\"wp-block-quote is-layout-flow wp-block-quote-is-layout-flow\"><p>\u201c<em>Me golpe\u00f3 varias veces, yo ten\u00eda miedo de denunciar justo por esto que estoy pasando. Me da coraje que con sacrificios yo compr\u00e9 mi casa, y no s\u00e9 cu\u00e1nto dure yo y no se ha hecho justicia. A \u00e9l no le hicieron nada por la negligencia de la Fiscal\u00eda, desde el principio recib\u00ed malos tratos, yo no se ni leer ni escribir pero siempre he trabajado, pido su ayuda<\/em>\u201d.\u00a0<\/p><\/blockquote>\n\n\n\n<p>Ante lo que consider\u00f3 negligencia por parte de la Fiscal\u00eda General de Veracruz pregunt\u00f3 \u201c\u00bfCu\u00e1ntas m\u00e1s tenemos que aparecer muertas para que haga justicias?\u201d.\u00a0<\/p>\n\n\n\n<blockquote class=\"wp-block-quote is-layout-flow wp-block-quote-is-layout-flow\"><p>\u201c<em>Acaben con la violencia, hagan algo, yo quiero que la Fiscal\u00eda me responda por todo esto<\/em>\u201d.\u00a0<\/p><\/blockquote>\n","protected":false},"excerpt":{"rendered":"<p>Sam Ojeda\u00a0\/ NV Noticias Xalapa.- Durante 28 a\u00f1os Zenaida Zendejas Landa sufri\u00f3 todo tipo de violencias por parte de su ex pareja, y en 2018 se decidi\u00f3 a presentar la denuncia a pesar del temor que sent\u00eda. \u00a0A cuatro a\u00f1os de interponer la denuncia, la mujer se\u00f1ala que la Fiscal\u00eda General del estado integr\u00f3 mal [&hellip;]<\/p>\n","protected":false},"author":8,"featured_media":44643,"comment_status":"open","ping_status":"open","sticky":false,"template":"","format":"standard","meta":{"_monsterinsights_skip_tracking":false,"_monsterinsights_sitenote_active":false,"_monsterinsights_sitenote_note":"","_monsterinsights_sitenote_category":0,"footnotes":""},"categories":[156],"tags":[206,866,204,203,11684],"class_list":["post-44641","post","type-post","status-publish","format-standard","has-post-thumbnail","hentry","category-estado","tag-denuncia","tag-fge","tag-mujer","tag-violencia","tag-zenaida-zendejas-landa","wp-image-borders"],"amp_enabled":true,"_links":{"self":[{"href":"https:\/\/nvnoticias.mx\/index.php\/wp-json\/wp\/v2\/posts\/44641","targetHints":{"allow":["GET"]}}],"collection":[{"href":"https:\/\/nvnoticias.mx\/index.php\/wp-json\/wp\/v2\/posts"}],"about":[{"href":"https:\/\/nvnoticias.mx\/index.php\/wp-json\/wp\/v2\/types\/post"}],"author":[{"embeddable":true,"href":"https:\/\/nvnoticias.mx\/index.php\/wp-json\/wp\/v2\/users\/8"}],"replies":[{"embeddable":true,"href":"https:\/\/nvnoticias.mx\/index.php\/wp-json\/wp\/v2\/comments?post=44641"}],"version-history":[{"count":1,"href":"https:\/\/nvnoticias.mx\/index.php\/wp-json\/wp\/v2\/posts\/44641\/revisions"}],"predecessor-version":[{"id":44644,"href":"https:\/\/nvnoticias.mx\/index.php\/wp-json\/wp\/v2\/posts\/44641\/revisions\/44644"}],"wp:featuredmedia":[{"embeddable":true,"href":"https:\/\/nvnoticias.mx\/index.php\/wp-json\/wp\/v2\/media\/44643"}],"wp:attachment":[{"href":"https:\/\/nvnoticias.mx\/index.php\/wp-json\/wp\/v2\/media?parent=44641"}],"wp:term":[{"taxonomy":"category","embeddable":true,"href":"https:\/\/nvnoticias.mx\/index.php\/wp-json\/wp\/v2\/categories?post=44641"},{"taxonomy":"post_tag","embeddable":true,"href":"https:\/\/nvnoticias.mx\/index.php\/wp-json\/wp\/v2\/tags?post=44641"}],"curies":[{"name":"wp","href":"https:\/\/api.w.org\/{rel}","templated":true}]}}