{"id":44617,"date":"2022-03-10T11:06:15","date_gmt":"2022-03-10T17:06:15","guid":{"rendered":"https:\/\/nvnoticias.mx\/?p=44617"},"modified":"2022-03-10T11:06:17","modified_gmt":"2022-03-10T17:06:17","slug":"amlo-confirma-nueva-visita-a-veracruz","status":"publish","type":"post","link":"https:\/\/nvnoticias.mx\/index.php\/2022\/03\/10\/amlo-confirma-nueva-visita-a-veracruz\/","title":{"rendered":"AMLO confirma nueva visita a Veracruz"},"content":{"rendered":"\n<p><strong>Sam Ojeda | NV Noticias<\/strong><\/p>\n\n\n\n<p>Xalapa.- El presidente de la Rep\u00fablica, Andr\u00e9s Manuel L\u00f3pez Obrador confirm\u00f3 que visitar\u00e1 la refiner\u00eda de Minatitl\u00e1n.<\/p>\n\n\n\n<p>En su conferencia ma\u00f1anera dijo que acudir\u00e1 al sur de Veracruz el pr\u00f3ximo 18 de marco con motivo de la conmemoraci\u00f3n de la Expropiaci\u00f3n Petrolera.<\/p>\n\n\n\n<p>\u201cYo desde que soy presidente he visitado cuando menos en tres ocasiones cada una de las seis refiner\u00edas; este 18 de marzo vamos a conmemorar un aniversario m\u00e1s de la Expropiaci\u00f3n Petrolera precisamente en la Refiner\u00eda de Minatitl\u00e1n, porque sab\u00edamos de la importancia de ser autosuficientes&#8221;.<\/p>\n\n\n\n<p>Cuestionado por el posible incremento de los precios de los combustibles en el pa\u00eds, el mandatario afirm\u00f3 que los costos se van a mantener y no existe riesgo de un aumento excesivo.<\/p>\n\n\n\n<p>&#8220;Podemos decirle a los mexicanos que no hay motivo de preocupaci\u00f3n, que vamos a sostener el precio de los combustibles porque se ha actuado bien con esta nueva pol\u00edtica\u201d.<\/p>\n\n\n\n<p>Y agradeci\u00f3 a los trabajadores petroleros, electricistas y t\u00e9cnicos ya que dijo hay una coordinaci\u00f3n con las autoridades federales.<\/p>\n\n\n\n<p>\u201cAprovecho para agradecerle mucho a los trabajadores petroleros, a los trabajadores electricistas, a los t\u00e9cnicos, porque esto lo hemos logrado de manera conjunta\u201d.<\/p>\n","protected":false},"excerpt":{"rendered":"<p>Sam Ojeda | NV Noticias Xalapa.- El presidente de la Rep\u00fablica, Andr\u00e9s Manuel L\u00f3pez Obrador confirm\u00f3 que visitar\u00e1 la refiner\u00eda de Minatitl\u00e1n. En su conferencia ma\u00f1anera dijo que acudir\u00e1 al sur de Veracruz el pr\u00f3ximo 18 de marco con motivo de la conmemoraci\u00f3n de la Expropiaci\u00f3n Petrolera. \u201cYo desde que soy presidente he visitado cuando [&hellip;]<\/p>\n","protected":false},"author":35,"featured_media":35648,"comment_status":"open","ping_status":"open","sticky":false,"template":"","format":"standard","meta":{"_monsterinsights_skip_tracking":false,"_monsterinsights_sitenote_active":false,"_monsterinsights_sitenote_note":"","_monsterinsights_sitenote_category":0,"footnotes":""},"categories":[156],"tags":[188,8413,7730,162,180,8868],"class_list":["post-44617","post","type-post","status-publish","format-standard","has-post-thumbnail","hentry","category-estado","tag-amlo","tag-confirma","tag-nueva","tag-portada","tag-veracruz","tag-visita","wp-image-borders"],"amp_enabled":true,"_links":{"self":[{"href":"https:\/\/nvnoticias.mx\/index.php\/wp-json\/wp\/v2\/posts\/44617","targetHints":{"allow":["GET"]}}],"collection":[{"href":"https:\/\/nvnoticias.mx\/index.php\/wp-json\/wp\/v2\/posts"}],"about":[{"href":"https:\/\/nvnoticias.mx\/index.php\/wp-json\/wp\/v2\/types\/post"}],"author":[{"embeddable":true,"href":"https:\/\/nvnoticias.mx\/index.php\/wp-json\/wp\/v2\/users\/35"}],"replies":[{"embeddable":true,"href":"https:\/\/nvnoticias.mx\/index.php\/wp-json\/wp\/v2\/comments?post=44617"}],"version-history":[{"count":2,"href":"https:\/\/nvnoticias.mx\/index.php\/wp-json\/wp\/v2\/posts\/44617\/revisions"}],"predecessor-version":[{"id":44623,"href":"https:\/\/nvnoticias.mx\/index.php\/wp-json\/wp\/v2\/posts\/44617\/revisions\/44623"}],"wp:featuredmedia":[{"embeddable":true,"href":"https:\/\/nvnoticias.mx\/index.php\/wp-json\/wp\/v2\/media\/35648"}],"wp:attachment":[{"href":"https:\/\/nvnoticias.mx\/index.php\/wp-json\/wp\/v2\/media?parent=44617"}],"wp:term":[{"taxonomy":"category","embeddable":true,"href":"https:\/\/nvnoticias.mx\/index.php\/wp-json\/wp\/v2\/categories?post=44617"},{"taxonomy":"post_tag","embeddable":true,"href":"https:\/\/nvnoticias.mx\/index.php\/wp-json\/wp\/v2\/tags?post=44617"}],"curies":[{"name":"wp","href":"https:\/\/api.w.org\/{rel}","templated":true}]}}