{"id":44607,"date":"2022-03-10T10:18:22","date_gmt":"2022-03-10T16:18:22","guid":{"rendered":"https:\/\/nvnoticias.mx\/?p=44607"},"modified":"2022-03-10T10:18:23","modified_gmt":"2022-03-10T16:18:23","slug":"arrancan-operativos-de-refuerzo-en-54-municipios-para-los-de-18-a-29-anos","status":"publish","type":"post","link":"https:\/\/nvnoticias.mx\/index.php\/2022\/03\/10\/arrancan-operativos-de-refuerzo-en-54-municipios-para-los-de-18-a-29-anos\/","title":{"rendered":"Arrancan operativos de refuerzo en 54 municipios para los de 18 a 29 a\u00f1os"},"content":{"rendered":"\n<p>El Delegado de Programas para el Desarrollo, Manuel Huerta Ladr\u00f3n de Guevara, inform\u00f3 que ser\u00e1n 54 municipios y 205 comunidades donde arrancar\u00e1n los operativos para la aplicaci\u00f3n del reforzamiento a la generaci\u00f3n de 18 a 29 a\u00f1os. <\/p>\n\n\n\n<p>Algunos de los municipios que comenzar\u00e1n actividades de inmunizaci\u00f3n son: 10 de marzo, P\u00e1nuco, Misantla, Orizaba, Cosamalopan, San Andr\u00e9s Tuxtla, Tuxpan, Papantla, C\u00f3rdoba, Medell\u00edn y Emiliano Zapata; desde el 11 Banderilla, Coscomatepec, Coatzacoalcos; el 12 en Fort\u00edn, Rodr\u00edguez Clara, Tres Valles, Catemaco, \u00c1lamo Temapache, Ixtaczoquitl\u00e1n y Poza Rica.A partir del 13 de marzo se activar\u00e1n en R\u00edo Blanco y Santiago Tuxtla; para el 14 en Huatusco, Isla, Tantoyuca, Mart\u00ednez de la Torre, Mariano Escobedo, Minatitl\u00e1n, Xalapa y Veracruz. <\/p>\n\n\n\n<p>Manuel Huerta se\u00f1al\u00f3 que estos municipios se escogieron por tener un tama\u00f1o de poblaci\u00f3n importante, por lo que vacunarles antes implica prevenir que aumente el riesgo epidemiol\u00f3gico.<\/p>\n\n\n\n<p>El funcionario se\u00f1al\u00f3 que en estos operativos no se atender\u00e1 solamente a los j\u00f3venes de 18 a 29, sino tambi\u00e9n a todos los dem\u00e1s sectores generacionales que falten de recibir alguna dosis; explic\u00f3 que en todos los municipios se instalan m\u00f3dulos polivalentes.<\/p>\n\n\n\n<p>En otro orden, invit\u00f3 a la poblaci\u00f3n a seguir las acciones preventivas ante la pandemia y que acudan a vacunarse. Celebr\u00f3 que ya son 6 semanas consecutivas en las que se ha reducido el n\u00famero de contagios, las hospitalizaciones y los desenlaces fatales. <\/p>\n\n\n\n<p>Finalmente, se\u00f1al\u00f3 que todas las personas que salen del contagio de COVID-19 pueden acudir a vacunarse a partir del cuarto d\u00eda desde que presentaron el \u00faltimo s\u00edntoma.<\/p>\n","protected":false},"excerpt":{"rendered":"<p>El Delegado de Programas para el Desarrollo, Manuel Huerta Ladr\u00f3n de Guevara, inform\u00f3 que ser\u00e1n 54 municipios y 205 comunidades donde arrancar\u00e1n los operativos para la aplicaci\u00f3n del reforzamiento a la generaci\u00f3n de 18 a 29 a\u00f1os. Algunos de los municipios que comenzar\u00e1n actividades de inmunizaci\u00f3n son: 10 de marzo, P\u00e1nuco, Misantla, Orizaba, Cosamalopan, San [&hellip;]<\/p>\n","protected":false},"author":35,"featured_media":44608,"comment_status":"open","ping_status":"open","sticky":false,"template":"","format":"standard","meta":{"_monsterinsights_skip_tracking":false,"_monsterinsights_sitenote_active":false,"_monsterinsights_sitenote_note":"","_monsterinsights_sitenote_category":0,"footnotes":""},"categories":[156],"tags":[11674,358,2810,5711,3817],"class_list":["post-44607","post","type-post","status-publish","format-standard","has-post-thumbnail","hentry","category-estado","tag-arrancan","tag-covid","tag-municipios","tag-operativos","tag-refuerzo","wp-image-borders"],"amp_enabled":true,"_links":{"self":[{"href":"https:\/\/nvnoticias.mx\/index.php\/wp-json\/wp\/v2\/posts\/44607","targetHints":{"allow":["GET"]}}],"collection":[{"href":"https:\/\/nvnoticias.mx\/index.php\/wp-json\/wp\/v2\/posts"}],"about":[{"href":"https:\/\/nvnoticias.mx\/index.php\/wp-json\/wp\/v2\/types\/post"}],"author":[{"embeddable":true,"href":"https:\/\/nvnoticias.mx\/index.php\/wp-json\/wp\/v2\/users\/35"}],"replies":[{"embeddable":true,"href":"https:\/\/nvnoticias.mx\/index.php\/wp-json\/wp\/v2\/comments?post=44607"}],"version-history":[{"count":1,"href":"https:\/\/nvnoticias.mx\/index.php\/wp-json\/wp\/v2\/posts\/44607\/revisions"}],"predecessor-version":[{"id":44609,"href":"https:\/\/nvnoticias.mx\/index.php\/wp-json\/wp\/v2\/posts\/44607\/revisions\/44609"}],"wp:featuredmedia":[{"embeddable":true,"href":"https:\/\/nvnoticias.mx\/index.php\/wp-json\/wp\/v2\/media\/44608"}],"wp:attachment":[{"href":"https:\/\/nvnoticias.mx\/index.php\/wp-json\/wp\/v2\/media?parent=44607"}],"wp:term":[{"taxonomy":"category","embeddable":true,"href":"https:\/\/nvnoticias.mx\/index.php\/wp-json\/wp\/v2\/categories?post=44607"},{"taxonomy":"post_tag","embeddable":true,"href":"https:\/\/nvnoticias.mx\/index.php\/wp-json\/wp\/v2\/tags?post=44607"}],"curies":[{"name":"wp","href":"https:\/\/api.w.org\/{rel}","templated":true}]}}