{"id":44525,"date":"2022-03-09T13:24:16","date_gmt":"2022-03-09T19:24:16","guid":{"rendered":"https:\/\/nvnoticias.mx\/?p=44525"},"modified":"2022-03-09T13:24:17","modified_gmt":"2022-03-09T19:24:17","slug":"periodistas-del-pueblo-vs-periodistas-fifis","status":"publish","type":"post","link":"https:\/\/nvnoticias.mx\/index.php\/2022\/03\/09\/periodistas-del-pueblo-vs-periodistas-fifis\/","title":{"rendered":"Periodistas del pueblo vs periodistas fif\u00eds"},"content":{"rendered":"\n<p><strong>Ricardo Homs<\/strong><\/p>\n\n\n\n<p>Pareciera estarse instrumentando una estrategia para dividir a la prensa entre buenos y malos, para as\u00ed poder controlar a los\u00a0periodistas\u00a0inc\u00f3modos a trav\u00e9s de sus colegas.<\/p>\n\n\n\n<p>Exacerbar los \u00e1nimos de los trabajadores de la informaci\u00f3n exhibiendo la situaci\u00f3n patrimonial de quienes han tenido la fortuna de tener un trabajo muy bien remunerado parece ser la nueva estrategia. Llevar la \u201clucha de clases\u201d al \u00e1mbito period\u00edstico nulifica la disidencia, postura que de modo incuestionable podemos considerar es la esencia de la democracia.<\/p>\n\n\n\n<p>Es evidente que exhibir sin el consentimiento del afectado la situaci\u00f3n patrimonial de quienes no son funcionarios p\u00fablicos, -como es el caso de los periodistas-, informaci\u00f3n que es del \u00e1mbito privado, es sancionado por el\u00a0Art\u00edculo 16\u00a0Constitucional, referente al derecho a la confidencialidad de los datos personales.<\/p>\n\n\n\n<p>Dividir a la prensa entre \u201cperiodistas patriotas\u201d y en contraposici\u00f3n \u201cperiodistas conservadores que sirven a intereses oscuros\u201d significa imponer la censura a trav\u00e9s de la participaci\u00f3n de los mismos trabajadores de la informaci\u00f3n, lo cual debilita la libertad period\u00edstica que tarde o temprano afectar\u00e1 a todo el gremio de forma integral. La sabidur\u00eda popular mexicana dice que \u201cla cu\u00f1a para que apriete debe ser del mismo palo\u201d y este principio parece ser la estrategia para censurar la disidencia y las voces inc\u00f3modas del periodismo a trav\u00e9s de la participaci\u00f3n de sus colegas.<\/p>\n\n\n\n<p>Contrapuntear a la prensa, -no a trav\u00e9s de estimular el sano debate de ideas-, sino utilizando algo tan ajeno a la actividad period\u00edstica como lo es penalizar el \u00e9xito econ\u00f3mico, -como si fuese un acto reprobable-, es tan absurdo como cuestionar, -despu\u00e9s de una derrota-, a los jugadores de nuestra selecci\u00f3n nacional de futbol, -no por el desempe\u00f1o de cada uno en la cancha-, sino por su salario y prestaciones en el club que los tiene contratados. Hacerlo, significar\u00eda un linchamiento medi\u00e1tico que pondr\u00eda en riesgo su integridad f\u00edsica.<\/p>\n\n\n\n<p>Todos sabemos que los salarios de las estrellas del futbol, -y en general de todo el deporte profesional-, son exorbitantes, pero tambi\u00e9n todos lo aceptamos como normal, pues es la retribuci\u00f3n al talento y las oportunidades que a veces nos puede dar la vida.<\/p>\n\n\n\n<p>Del mismo modo sucede con la situaci\u00f3n patrimonial de las grandes figuras del espect\u00e1culo comparada con los ingresos modestos de la mayor\u00eda de los trabajadores de la industria del entretenimiento. Y de la pol\u00edtica ni hablar; la calidad de vida que se dan los pol\u00edticos y funcionarios p\u00fablicos de primer nivel, -esos que aparecen continuamente en los\u00a0medios de comunicaci\u00f3n\u00a0masiva-, contrastada con la vida austera del funcionario p\u00fablico modesto, en M\u00e9xico es de esc\u00e1ndalo.<\/p>\n\n\n\n<p>Este hostigamiento a los\u00a0l\u00edderes de opini\u00f3n\u00a0del periodismo profesional persigue un fin perverso, que es destruir su credibilidad, -no porque su reputaci\u00f3n profesional est\u00e9 en entredicho-, sino provocando un linchamiento popular a trav\u00e9s criminalizar sus ingresos econ\u00f3micos.<\/p>\n\n\n\n<p>La libertad de expresi\u00f3n nace de la interacci\u00f3n de las fuerzas sociales que impulsan la pluralidad, lo cual a su vez fortalece la democracia. En contraste, coartarla es el camino hacia la represi\u00f3n de las ideas, lo cual tarde o temprano se manifiesta a nivel social en la p\u00e9rdida de las libertades c\u00edvicas, como sucede en los pa\u00edses con gobiernos totalitarios.<\/p>\n\n\n\n<p>Hoy la libertad de expresi\u00f3n est\u00e1 en riesgo, -igual que el derecho a la informaci\u00f3n que tiene el ciudadano-, como resultado de la estrategia impulsada desde el gobierno para provocar el linchamiento de los periodistas opositores, teniendo como verdugos a sus mismos colegas, menos favorecidos econ\u00f3micamente.<\/p>\n\n\n\n<p>Este peligroso contexto se est\u00e1 propiciando al estimular, -no una rivalidad profesional, lo cual es sano si esto significase competencia-, sino el rencor derivado de la inequidad salarial.<\/p>\n\n\n\n<p>Ojal\u00e1 la prensa unida no caiga en estos juegos perversos que nos desunen y juntos defendamos la libertad de expresi\u00f3n.<\/p>\n\n\n\n<h4 class=\"wp-block-heading\">RUSIA CONTRA EL MUNDO<\/h4>\n\n\n\n<p>La reacci\u00f3n de cada pa\u00eds frente a la crisis que vive Ucrania define su identidad, sus valores y su compromiso con la justicia.<\/p>\n\n\n\n<p>Mientras Estados Unidos impone fuerte sanciones financieras contra Rusia con la expectativa de doblegar a ese pa\u00eds, -debilitando su capacidad econ\u00f3mica para que le sea imposible continuar financiando esta guerra-, Espa\u00f1a env\u00eda armas a Ucrania para que se defienda.<\/p>\n\n\n\n<p>Francia, Inglaterra y\u00a0Canad\u00e1\u00a0rechazan abiertamente la invasi\u00f3n rusa y en general toda la Uni\u00f3n Europea. La presidenta de Taiw\u00e1n y sus funcionarios donan su salario para la defensa de Ucrania, adem\u00e1s de enviar a ese pa\u00eds invadido ayuda humanitaria y suministros m\u00e9dicos.<\/p>\n\n\n\n<p>Se dice que la guerra econ\u00f3mica que han lanzado contra Rusia los Estados Unidos y la Uni\u00f3n Europea, -m\u00e1s Canad\u00e1 y otros pa\u00edses-, est\u00e1n empinando a Rusia hacia un colapso financiero, lo cual nos ofrece una visi\u00f3n de las guerras del futuro, a las cuales podremos calificar como confrontaciones virtuales.<\/p>\n\n\n\n<p>Estas son las nuevas formas de la guerra.<\/p>\n\n\n\n<h4 class=\"wp-block-heading\">VOLODIMIR ZELENSKY<\/h4>\n\n\n\n<p>El carisma que transmite Volodimir Zelensky, -el presidente de Ucrania-, se est\u00e1 convirtiendo en elemento decisivo de resistencia para esta naci\u00f3n que hoy enfrenta la invasi\u00f3n rusa.<\/p>\n\n\n\n<p>Su mensaje virtual transmitido a trav\u00e9s de una pantalla ante el pleno de la\u00a0ONU\u00a0y la ovaci\u00f3n que este recibi\u00f3, contrastada con el rechazo que qued\u00f3 patente cuando estos mismos representantes de la comunidad internacional abandonaron la sala cuando le tocaba al representante del gobierno ruso ir al p\u00f3dium para defender su invasi\u00f3n, nos muestran los nuevos protocolos de la diplomacia.<\/p>\n\n\n\n<p>El carisma de Zelensky se ha convertido en un efectivo liderazgo, que ha sido capaz de levantar a la comunidad internacional en contra de la actitud expansionista del presidente Putin.<\/p>\n\n\n\n<p>S\u00f3lo alguien con el talento histri\u00f3nico y la experiencia medi\u00e1tica del presidente de\u00a0Ucrania\u00a0podr\u00eda alcanzar el reto de convertir un problema regional en un asunto global y ello nos describe el perfil de los l\u00edderes pol\u00edticos del futuro, que ya no vendr\u00e1n de la pol\u00edtica tradicional, sino de la sociedad civil.<\/p>\n\n\n\n<p>\u00bfA usted que le parece?<br>&nbsp;<em>Facebook: @Ricardo.Homs1<br>Twitter: @homsricardo<br>Linkedin: Ricardo Homs<br><a href=\"http:\/\/www.ricardohoms.com\/\">www.ricardohoms.com<\/a><\/em><\/p>\n","protected":false},"excerpt":{"rendered":"<p>Ricardo Homs Pareciera estarse instrumentando una estrategia para dividir a la prensa entre buenos y malos, para as\u00ed poder controlar a los\u00a0periodistas\u00a0inc\u00f3modos a trav\u00e9s de sus colegas. Exacerbar los \u00e1nimos de los trabajadores de la informaci\u00f3n exhibiendo la situaci\u00f3n patrimonial de quienes han tenido la fortuna de tener un trabajo muy bien remunerado parece ser [&hellip;]<\/p>\n","protected":false},"author":18,"featured_media":44527,"comment_status":"open","ping_status":"open","sticky":false,"template":"","format":"standard","meta":{"_monsterinsights_skip_tracking":false,"_monsterinsights_sitenote_active":false,"_monsterinsights_sitenote_note":"","_monsterinsights_sitenote_category":0,"footnotes":""},"categories":[246],"tags":[173],"class_list":["post-44525","post","type-post","status-publish","format-standard","has-post-thumbnail","hentry","category-ricardo-homs","tag-ricardo-homs","wp-image-borders"],"amp_enabled":true,"_links":{"self":[{"href":"https:\/\/nvnoticias.mx\/index.php\/wp-json\/wp\/v2\/posts\/44525","targetHints":{"allow":["GET"]}}],"collection":[{"href":"https:\/\/nvnoticias.mx\/index.php\/wp-json\/wp\/v2\/posts"}],"about":[{"href":"https:\/\/nvnoticias.mx\/index.php\/wp-json\/wp\/v2\/types\/post"}],"author":[{"embeddable":true,"href":"https:\/\/nvnoticias.mx\/index.php\/wp-json\/wp\/v2\/users\/18"}],"replies":[{"embeddable":true,"href":"https:\/\/nvnoticias.mx\/index.php\/wp-json\/wp\/v2\/comments?post=44525"}],"version-history":[{"count":1,"href":"https:\/\/nvnoticias.mx\/index.php\/wp-json\/wp\/v2\/posts\/44525\/revisions"}],"predecessor-version":[{"id":44528,"href":"https:\/\/nvnoticias.mx\/index.php\/wp-json\/wp\/v2\/posts\/44525\/revisions\/44528"}],"wp:featuredmedia":[{"embeddable":true,"href":"https:\/\/nvnoticias.mx\/index.php\/wp-json\/wp\/v2\/media\/44527"}],"wp:attachment":[{"href":"https:\/\/nvnoticias.mx\/index.php\/wp-json\/wp\/v2\/media?parent=44525"}],"wp:term":[{"taxonomy":"category","embeddable":true,"href":"https:\/\/nvnoticias.mx\/index.php\/wp-json\/wp\/v2\/categories?post=44525"},{"taxonomy":"post_tag","embeddable":true,"href":"https:\/\/nvnoticias.mx\/index.php\/wp-json\/wp\/v2\/tags?post=44525"}],"curies":[{"name":"wp","href":"https:\/\/api.w.org\/{rel}","templated":true}]}}