{"id":44396,"date":"2022-03-03T10:20:00","date_gmt":"2022-03-03T16:20:00","guid":{"rendered":"https:\/\/nvnoticias.mx\/?p=44396"},"modified":"2022-03-14T20:04:04","modified_gmt":"2022-03-15T02:04:04","slug":"evalua-pc-municipal-infraestructura-prioritaria","status":"publish","type":"post","link":"https:\/\/nvnoticias.mx\/index.php\/2022\/03\/03\/evalua-pc-municipal-infraestructura-prioritaria\/","title":{"rendered":"Eval\u00faa PC Municipal infraestructura prioritaria"},"content":{"rendered":"\n<p>Xalapa, Ver.- Derivado del sismo de 6.2 grados en la escala de Richter ocurrido la ma\u00f1ana de este jueves, personal de la Direcci\u00f3n de Protecci\u00f3n Civil Municipal realiz\u00f3 una evaluaci\u00f3n de edificios prioritarios como instalaciones p\u00fablicas y construcciones de mayor altura.<\/p>\n\n\n\n<p>El titular del \u00e1rea, Luis Sardi\u00f1a Salgado, report\u00f3 que hasta el momento no se registran novedades de importancia y agreg\u00f3 que se realiz\u00f3 la evacuaci\u00f3n ordenada de m\u00e1s de 300 personas en las principales torres de la ciudad, as\u00ed como a 181 personas m\u00e1s en la primaria \u201cJos\u00e9 Mar\u00eda Morelos y Pav\u00f3n\u201d, de la colonia Marco Antonio Mu\u00f1oz.<\/p>\n\n\n\n<p>En esta instituci\u00f3n se registraron da\u00f1os menores a un panel de cristal templado, mismo que ser\u00e1 sustituido de inmediato.<\/p>\n\n\n\n<p>El movimiento tel\u00farico con epicentro a 2 kil\u00f3metros del municipio de Isla, Veracruz, fue perceptible en Xalapa.<\/p>\n\n\n\n<figure class=\"wp-block-gallery aligncenter columns-2 is-cropped wp-block-gallery-1 is-layout-flex wp-block-gallery-is-layout-flex\"><ul class=\"blocks-gallery-grid\"><li class=\"blocks-gallery-item\"><figure><img loading=\"lazy\" decoding=\"async\" width=\"575\" height=\"349\" src=\"https:\/\/nvnoticias.mx\/wp-content\/uploads\/2022\/03\/WhatsApp-Image-2022-03-03-at-11.04.50-AM.jpeg\" alt=\"\" data-id=\"43558\" data-full-url=\"https:\/\/nvnoticias.mx\/wp-content\/uploads\/2022\/03\/WhatsApp-Image-2022-03-03-at-11.04.50-AM.jpeg\" data-link=\"https:\/\/nvnoticias.mx\/index.php\/2022\/03\/03\/evacuan-a-mas-de-300-personas-en-xalapa\/whatsapp-image-2022-03-03-at-11-04-50-am\/\" class=\"wp-image-43558\" srcset=\"https:\/\/nvnoticias.mx\/wp-content\/uploads\/2022\/03\/WhatsApp-Image-2022-03-03-at-11.04.50-AM.jpeg 575w, https:\/\/nvnoticias.mx\/wp-content\/uploads\/2022\/03\/WhatsApp-Image-2022-03-03-at-11.04.50-AM-300x182.jpeg 300w\" sizes=\"auto, (max-width: 575px) 100vw, 575px\" \/><\/figure><\/li><li class=\"blocks-gallery-item\"><figure><img loading=\"lazy\" decoding=\"async\" width=\"576\" height=\"1024\" src=\"https:\/\/nvnoticias.mx\/wp-content\/uploads\/2022\/03\/WhatsApp-Image-2022-03-08-at-4.21.02-PM-2.jpeg\" alt=\"\" data-id=\"44399\" data-full-url=\"https:\/\/nvnoticias.mx\/wp-content\/uploads\/2022\/03\/WhatsApp-Image-2022-03-08-at-4.21.02-PM-2.jpeg\" data-link=\"https:\/\/nvnoticias.mx\/index.php\/2022\/03\/03\/evalua-pc-municipal-infraestructura-prioritaria\/whatsapp-image-2022-03-08-at-4-21-02-pm-2\/\" class=\"wp-image-44399\" srcset=\"https:\/\/nvnoticias.mx\/wp-content\/uploads\/2022\/03\/WhatsApp-Image-2022-03-08-at-4.21.02-PM-2.jpeg 576w, https:\/\/nvnoticias.mx\/wp-content\/uploads\/2022\/03\/WhatsApp-Image-2022-03-08-at-4.21.02-PM-2-169x300.jpeg 169w\" sizes=\"auto, (max-width: 576px) 100vw, 576px\" \/><\/figure><\/li><li class=\"blocks-gallery-item\"><figure><img loading=\"lazy\" decoding=\"async\" width=\"461\" height=\"1024\" src=\"https:\/\/nvnoticias.mx\/wp-content\/uploads\/2022\/03\/WhatsApp-Image-2022-03-08-at-4.21.02-PM.jpeg\" alt=\"\" data-id=\"44397\" data-full-url=\"https:\/\/nvnoticias.mx\/wp-content\/uploads\/2022\/03\/WhatsApp-Image-2022-03-08-at-4.21.02-PM.jpeg\" data-link=\"https:\/\/nvnoticias.mx\/index.php\/2022\/03\/03\/evalua-pc-municipal-infraestructura-prioritaria\/whatsapp-image-2022-03-08-at-4-21-02-pm\/\" class=\"wp-image-44397\" srcset=\"https:\/\/nvnoticias.mx\/wp-content\/uploads\/2022\/03\/WhatsApp-Image-2022-03-08-at-4.21.02-PM.jpeg 461w, https:\/\/nvnoticias.mx\/wp-content\/uploads\/2022\/03\/WhatsApp-Image-2022-03-08-at-4.21.02-PM-135x300.jpeg 135w\" sizes=\"auto, (max-width: 461px) 100vw, 461px\" \/><\/figure><\/li><\/ul><\/figure>\n","protected":false},"excerpt":{"rendered":"<p>Xalapa, Ver.- Derivado del sismo de 6.2 grados en la escala de Richter ocurrido la ma\u00f1ana de este jueves, personal de la Direcci\u00f3n de Protecci\u00f3n Civil Municipal realiz\u00f3 una evaluaci\u00f3n de edificios prioritarios como instalaciones p\u00fablicas y construcciones de mayor altura. El titular del \u00e1rea, Luis Sardi\u00f1a Salgado, report\u00f3 que hasta el momento no se [&hellip;]<\/p>\n","protected":false},"author":8,"featured_media":45297,"comment_status":"open","ping_status":"open","sticky":false,"template":"","format":"standard","meta":{"_monsterinsights_skip_tracking":false,"_monsterinsights_sitenote_active":false,"_monsterinsights_sitenote_note":"","_monsterinsights_sitenote_category":0,"footnotes":""},"categories":[156],"tags":[11616,1964,11615,690,312],"class_list":["post-44396","post","type-post","status-publish","format-standard","has-post-thumbnail","hentry","category-estado","tag-evaluacion","tag-infraestructura","tag-pc-municipal","tag-sismo","tag-xalapa","wp-image-borders"],"amp_enabled":true,"_links":{"self":[{"href":"https:\/\/nvnoticias.mx\/index.php\/wp-json\/wp\/v2\/posts\/44396","targetHints":{"allow":["GET"]}}],"collection":[{"href":"https:\/\/nvnoticias.mx\/index.php\/wp-json\/wp\/v2\/posts"}],"about":[{"href":"https:\/\/nvnoticias.mx\/index.php\/wp-json\/wp\/v2\/types\/post"}],"author":[{"embeddable":true,"href":"https:\/\/nvnoticias.mx\/index.php\/wp-json\/wp\/v2\/users\/8"}],"replies":[{"embeddable":true,"href":"https:\/\/nvnoticias.mx\/index.php\/wp-json\/wp\/v2\/comments?post=44396"}],"version-history":[{"count":4,"href":"https:\/\/nvnoticias.mx\/index.php\/wp-json\/wp\/v2\/posts\/44396\/revisions"}],"predecessor-version":[{"id":45300,"href":"https:\/\/nvnoticias.mx\/index.php\/wp-json\/wp\/v2\/posts\/44396\/revisions\/45300"}],"wp:featuredmedia":[{"embeddable":true,"href":"https:\/\/nvnoticias.mx\/index.php\/wp-json\/wp\/v2\/media\/45297"}],"wp:attachment":[{"href":"https:\/\/nvnoticias.mx\/index.php\/wp-json\/wp\/v2\/media?parent=44396"}],"wp:term":[{"taxonomy":"category","embeddable":true,"href":"https:\/\/nvnoticias.mx\/index.php\/wp-json\/wp\/v2\/categories?post=44396"},{"taxonomy":"post_tag","embeddable":true,"href":"https:\/\/nvnoticias.mx\/index.php\/wp-json\/wp\/v2\/tags?post=44396"}],"curies":[{"name":"wp","href":"https:\/\/api.w.org\/{rel}","templated":true}]}}