{"id":44292,"date":"2022-03-08T10:10:50","date_gmt":"2022-03-08T16:10:50","guid":{"rendered":"https:\/\/nvnoticias.mx\/?p=44292"},"modified":"2022-03-08T10:10:52","modified_gmt":"2022-03-08T16:10:52","slug":"aplazan-audiencia-de-abogados-denunciados-por-juan-collado","status":"publish","type":"post","link":"https:\/\/nvnoticias.mx\/index.php\/2022\/03\/08\/aplazan-audiencia-de-abogados-denunciados-por-juan-collado\/","title":{"rendered":"Aplazan audiencia de abogados denunciados por Juan Collado"},"content":{"rendered":"\n<p>La audiencia en la que la\u00a0Fiscal\u00eda General de la Rep\u00fablica\u00a0(<strong>FGR<\/strong>) buscaba imputar a cuatro abogados denunciados por<strong>\u00a0Juan Collado\u00a0<\/strong>por supuestamente estar coludidos para cometer actos de\u00a0<strong>extorsi\u00f3n<\/strong>, lavado de dinero y asociaci\u00f3n delictuosa, fue aplazada por un mes.<\/p>\n\n\n\n<p>Esto, debido a que Isaac P\u00e9rez, abogado que en 2019 formaba parte del equipo de defensa de Collado, tiene Covid-19, por lo que la audiencia inicial fue diferida hasta el pr\u00f3ximo 7 de abril a las 13:30 horas.<\/p>\n\n\n\n<p>\u201cCon el escrito signado electr\u00f3nicamente por el investigado Isaac P\u00e9rez Rodr\u00edguez, mediante el cual solicita se le tenga por justificada su inasistencia a la audiencia inicial se\u00f1alada en p\u00e1rrafos que preceden, en virtud de haber dado positivo a la prueba de PCR de SARS COV 2 (COVID 19), en t\u00e9rminos de las constancia que anexa para acreditar esa circunstancia; en consecuencia, t\u00e9ngase por informado lo anterior para los efectos legales conducentes.<\/p>\n\n\n\n<p>\u201cEn atenci\u00f3n a todo lo anterior y, a efecto de procurar una impartici\u00f3n de justicia pronta, expedita e imparcial, en t\u00e9rminos del art\u00edculo 17 Constitucional, as\u00ed como evitar dilaciones innecesarias que solo retrasan la secuela procesal en la causa en que se act\u00faa, lo procedente es diferir la audiencia de que se ha dado noticia y, se\u00f1alar como nueva hora y fecha las trece horas con treinta minutos del siete de abril de dos mil veintid\u00f3s, para que tenga verificativo la misma\u201d, se\u00f1al\u00f3 el administrador del Centro de Justicia Penal Federal del Reclusorio Norte, donde se llevar\u00eda a cabo la diligencia.<\/p>\n\n\n\n<p>Isaac P\u00e9rez estaba citado a comparecer de manera presencial junto con Juan Araujo, C\u00e9sar Omar Gonz\u00e1lez y David G\u00f3mez Arnau, representante legal de Grupo Afirme.<\/p>\n\n\n\n<p>Los primeros tres fueron se\u00f1alados por Collado de supuestamente extorsionarlo exigi\u00e9ndole cantidades millonarias y la venta de sus acciones en<strong>&nbsp;Caja Libertad<\/strong>&nbsp;para que el exconsejero jur\u00eddico de la presidencia,&nbsp;<strong>Julio Scherer Ibarra&nbsp;<\/strong>autorizara su liberaci\u00f3n del Reclusorio Norte, lugar donde se encuentra sujeto a prisi\u00f3n preventiva y vinculado a proceso por lavado de dinero y delincuencia organizada.<\/p>\n\n\n\n<p>Seg\u00fan la denuncia, G\u00f3mez Arnau particip\u00f3 de estos hechos como el representante legal de Grupo Afirme, empresa que supuestamente comprar\u00eda las acciones de Collado en Caja Libertad, por instrucciones de Scherer Ibarra.<\/p>\n\n\n\n<p>Fuente: <a href=\"https:\/\/www.eluniversal.com.mx\/nacion\/juan-collado-audiencia-de-abogados-denunciados-por-extorsion-es-aplazada-hasta-abril\" data-type=\"URL\" data-id=\"https:\/\/www.eluniversal.com.mx\/nacion\/juan-collado-audiencia-de-abogados-denunciados-por-extorsion-es-aplazada-hasta-abril\">El Universal<\/a><\/p>\n","protected":false},"excerpt":{"rendered":"<p>La audiencia en la que la\u00a0Fiscal\u00eda General de la Rep\u00fablica\u00a0(FGR) buscaba imputar a cuatro abogados denunciados por\u00a0Juan Collado\u00a0por supuestamente estar coludidos para cometer actos de\u00a0extorsi\u00f3n, lavado de dinero y asociaci\u00f3n delictuosa, fue aplazada por un mes. Esto, debido a que Isaac P\u00e9rez, abogado que en 2019 formaba parte del equipo de defensa de Collado, tiene [&hellip;]<\/p>\n","protected":false},"author":35,"featured_media":31723,"comment_status":"open","ping_status":"open","sticky":false,"template":"","format":"standard","meta":{"_monsterinsights_skip_tracking":false,"_monsterinsights_sitenote_active":false,"_monsterinsights_sitenote_note":"","_monsterinsights_sitenote_category":0,"footnotes":""},"categories":[158],"tags":[351,8309,3090,6455,11462],"class_list":["post-44292","post","type-post","status-publish","format-standard","has-post-thumbnail","hentry","category-politica","tag-abogados","tag-aplazan","tag-audiencia","tag-denunciados","tag-juan-collado","wp-image-borders"],"amp_enabled":true,"_links":{"self":[{"href":"https:\/\/nvnoticias.mx\/index.php\/wp-json\/wp\/v2\/posts\/44292","targetHints":{"allow":["GET"]}}],"collection":[{"href":"https:\/\/nvnoticias.mx\/index.php\/wp-json\/wp\/v2\/posts"}],"about":[{"href":"https:\/\/nvnoticias.mx\/index.php\/wp-json\/wp\/v2\/types\/post"}],"author":[{"embeddable":true,"href":"https:\/\/nvnoticias.mx\/index.php\/wp-json\/wp\/v2\/users\/35"}],"replies":[{"embeddable":true,"href":"https:\/\/nvnoticias.mx\/index.php\/wp-json\/wp\/v2\/comments?post=44292"}],"version-history":[{"count":1,"href":"https:\/\/nvnoticias.mx\/index.php\/wp-json\/wp\/v2\/posts\/44292\/revisions"}],"predecessor-version":[{"id":44293,"href":"https:\/\/nvnoticias.mx\/index.php\/wp-json\/wp\/v2\/posts\/44292\/revisions\/44293"}],"wp:featuredmedia":[{"embeddable":true,"href":"https:\/\/nvnoticias.mx\/index.php\/wp-json\/wp\/v2\/media\/31723"}],"wp:attachment":[{"href":"https:\/\/nvnoticias.mx\/index.php\/wp-json\/wp\/v2\/media?parent=44292"}],"wp:term":[{"taxonomy":"category","embeddable":true,"href":"https:\/\/nvnoticias.mx\/index.php\/wp-json\/wp\/v2\/categories?post=44292"},{"taxonomy":"post_tag","embeddable":true,"href":"https:\/\/nvnoticias.mx\/index.php\/wp-json\/wp\/v2\/tags?post=44292"}],"curies":[{"name":"wp","href":"https:\/\/api.w.org\/{rel}","templated":true}]}}