{"id":44266,"date":"2022-03-08T09:00:04","date_gmt":"2022-03-08T15:00:04","guid":{"rendered":"https:\/\/nvnoticias.mx\/?p=44266"},"modified":"2022-03-08T09:00:05","modified_gmt":"2022-03-08T15:00:05","slug":"continua-en-pie-cocierto-de-christian-nodal-en-el-corregidora","status":"publish","type":"post","link":"https:\/\/nvnoticias.mx\/index.php\/2022\/03\/08\/continua-en-pie-cocierto-de-christian-nodal-en-el-corregidora\/","title":{"rendered":"Contin\u00faa en pie cocierto de Christian Nodal en el Corregidora"},"content":{"rendered":"\n<p>El concierto de&nbsp;<strong>Christian Nodal y la Banda MS<\/strong>, programado para el pr\u00f3ximo 23 de abril de 2022, en el&nbsp;<strong>estadio Corregidora<\/strong>&nbsp;se llevar\u00e1 a cabo, confirm\u00f3 +Boletos a El Universal Quer\u00e9taro.<\/p>\n\n\n\n<p>De acuerdo con la empresa, los actos de violencia registrados este fin de semana entre las barras la 51 y La Resistencia no afectan al espect\u00e1culo\u00a0<strong>&#8220;Los Forajidos&#8221;.<\/strong><\/p>\n\n\n\n<p><em><strong>&#8220;Es correcto, el concierto a\u00fan sigue en pie&#8221;<\/strong><\/em>, afirm\u00f3 la empresa encargada de la venta de boletos para el concierto de Christian Nodal y la Banda MS.<\/p>\n\n\n\n<p>El pr\u00f3ximo 23 de abril,&nbsp;Christian Nodal se presentar\u00e1 en el estadio Corregidora&nbsp;como parte del concierto&nbsp;Los Forajidos.<\/p>\n\n\n\n<blockquote class=\"wp-block-quote is-layout-flow wp-block-quote-is-layout-flow\"><p><em>&#8220;Mi gente, llegaron Los Forajidos a Quer\u00e9taro. Este 23 de abril vamos a estar con todos ustedes en el estadio Corregidora. Vamos a pasar una gran noche&#8221;<\/em>, dice el int\u00e9rprete de &#8220;Ya no somos ni seremos&#8221;, dijo el exnovio de Belinda en un video difundido en redes sociales.<\/p><\/blockquote>\n\n\n\n<p>Este domingo, se dio a conocer\u00a0<strong>la suspensi\u00f3n de todo evento deportivo en el estadio Corregidora<\/strong>, como una consecuencia de la batalla campal registrada el pasado 5 de marzo.<\/p>\n\n\n\n<p>Fuente: <a href=\"https:\/\/www.eluniversalqueretaro.mx\/vida-q\/sigue-en-pie-concierto-de-christian-nodal-en-el-corregidora-tras-disturbios-entre-gallos-y\" data-type=\"URL\" data-id=\"https:\/\/www.eluniversalqueretaro.mx\/vida-q\/sigue-en-pie-concierto-de-christian-nodal-en-el-corregidora-tras-disturbios-entre-gallos-y\">El Universal <\/a><\/p>\n","protected":false},"excerpt":{"rendered":"<p>El concierto de&nbsp;Christian Nodal y la Banda MS, programado para el pr\u00f3ximo 23 de abril de 2022, en el&nbsp;estadio Corregidora&nbsp;se llevar\u00e1 a cabo, confirm\u00f3 +Boletos a El Universal Quer\u00e9taro. De acuerdo con la empresa, los actos de violencia registrados este fin de semana entre las barras la 51 y La Resistencia no afectan al espect\u00e1culo\u00a0&#8220;Los [&hellip;]<\/p>\n","protected":false},"author":35,"featured_media":27356,"comment_status":"open","ping_status":"open","sticky":false,"template":"","format":"standard","meta":{"_monsterinsights_skip_tracking":false,"_monsterinsights_sitenote_active":false,"_monsterinsights_sitenote_note":"","_monsterinsights_sitenote_category":0,"footnotes":""},"categories":[576],"tags":[3953,801,9024,11485],"class_list":["post-44266","post","type-post","status-publish","format-standard","has-post-thumbnail","hentry","category-ocio","tag-christian-nodal","tag-concierto","tag-continua","tag-corregidora","wp-image-borders"],"amp_enabled":true,"_links":{"self":[{"href":"https:\/\/nvnoticias.mx\/index.php\/wp-json\/wp\/v2\/posts\/44266","targetHints":{"allow":["GET"]}}],"collection":[{"href":"https:\/\/nvnoticias.mx\/index.php\/wp-json\/wp\/v2\/posts"}],"about":[{"href":"https:\/\/nvnoticias.mx\/index.php\/wp-json\/wp\/v2\/types\/post"}],"author":[{"embeddable":true,"href":"https:\/\/nvnoticias.mx\/index.php\/wp-json\/wp\/v2\/users\/35"}],"replies":[{"embeddable":true,"href":"https:\/\/nvnoticias.mx\/index.php\/wp-json\/wp\/v2\/comments?post=44266"}],"version-history":[{"count":1,"href":"https:\/\/nvnoticias.mx\/index.php\/wp-json\/wp\/v2\/posts\/44266\/revisions"}],"predecessor-version":[{"id":44267,"href":"https:\/\/nvnoticias.mx\/index.php\/wp-json\/wp\/v2\/posts\/44266\/revisions\/44267"}],"wp:featuredmedia":[{"embeddable":true,"href":"https:\/\/nvnoticias.mx\/index.php\/wp-json\/wp\/v2\/media\/27356"}],"wp:attachment":[{"href":"https:\/\/nvnoticias.mx\/index.php\/wp-json\/wp\/v2\/media?parent=44266"}],"wp:term":[{"taxonomy":"category","embeddable":true,"href":"https:\/\/nvnoticias.mx\/index.php\/wp-json\/wp\/v2\/categories?post=44266"},{"taxonomy":"post_tag","embeddable":true,"href":"https:\/\/nvnoticias.mx\/index.php\/wp-json\/wp\/v2\/tags?post=44266"}],"curies":[{"name":"wp","href":"https:\/\/api.w.org\/{rel}","templated":true}]}}