{"id":44086,"date":"2022-03-07T11:03:16","date_gmt":"2022-03-07T17:03:16","guid":{"rendered":"https:\/\/nvnoticias.mx\/?p=44086"},"modified":"2022-03-07T11:03:18","modified_gmt":"2022-03-07T17:03:18","slug":"critican-feministas-que-no-se-haya-nombrado-titular-del-ivm","status":"publish","type":"post","link":"https:\/\/nvnoticias.mx\/index.php\/2022\/03\/07\/critican-feministas-que-no-se-haya-nombrado-titular-del-ivm\/","title":{"rendered":"Critican feministas que no se haya nombrado titular del IVM"},"content":{"rendered":"\n<p><strong>Sam Ojeda | NV Noticias<\/strong>\u00a0<\/p>\n\n\n\n<p>Xalapa.- La coordinadora nacional de Mujeres Revolucionarias de M\u00e9xico, Mar\u00eda Antonia P\u00e9rez Sosa, critic\u00f3 que a tres a\u00f1os de la actual administraci\u00f3n que preside el gobernador Cuitl\u00e1huac Garc\u00eda Jim\u00e9nez no se ha nombrado a la titular del Instituto Veracruzano de las Mujeres (IVM).<\/p>\n\n\n\n<p>Dijo que parece que a este gobierno no le importa atender la violencia contra las mujeres, pues record\u00f3 que la entidad sigue entre los primeros lugares a nivel nacional en cuanto a feminicidios.<\/p>\n\n\n\n<blockquote class=\"wp-block-quote is-layout-flow wp-block-quote-is-layout-flow\"><p>\u201cY todav\u00eda no se nombra al a responsable del IVM, es urgente, no podemos seguir as\u00ed; van tres a\u00f1os de este gobierno y parece que no le importamos porque tiene a una encargada de despacho que no puede tomar decisiones\u201d.<\/p><\/blockquote>\n\n\n\n<p>Record\u00f3 que en Veracruz, solo en 2021 se contabilizaron 519 agresiones en el a\u00f1o, 686 desapariciones, 83 feminicidios y 79 homicidios, lo cual evidencia el clima de violencia que existe.<\/p>\n\n\n\n<p>Se\u00f1al\u00f3 que en la entidad cuatro de cada 10 mujeres tienen ingresos por debajo de lo necesario para pagar la canasta b\u00e1sica, a pesar de que ni siquiera incluye servicios como el pago del agua, de luz el\u00e9ctrica, internet y otras necesidades.<\/p>\n\n\n\n<blockquote class=\"wp-block-quote is-layout-flow wp-block-quote-is-layout-flow\"><p>\u201cVivimos una \u00e9poca sumamente dif\u00edcil, despu\u00e9s de la pandemia esta pol\u00edtica neoliberal empobreci\u00f3 m\u00e1s a la poblaci\u00f3n, pero sobre todo a las mujeres\u201d.<\/p><\/blockquote>\n\n\n\n<p>P\u00e9rez Sosa asegur\u00f3 que durante la pandemia por covid-19 recay\u00f3 sobre las mujeres un mayor trabajo y responsabilidades en su hogar.<\/p>\n\n\n\n<blockquote class=\"wp-block-quote is-layout-flow wp-block-quote-is-layout-flow\"><p>\u201cSobre las mujeres cay\u00f3 el mayor peso de la pandemia, con m\u00e1s trabajo en el hogar, el cuidado de los ni\u00f1os, suplieron a los maestros en la ense\u00f1anza. Vemos que aument\u00f3 el trabajo de las mujeres y eso repercute en su salud, en su vida\u201d.<\/p><\/blockquote>\n\n\n\n<p>En el marco del D\u00eda Internacional de las Mujeres, record\u00f3 que el INEGI en 2021 contabiliz\u00f3 el aporte de las mujeres en el hogar en 5.5 billones de pesos anuales, que significa el 26.7 por ciento del Producto Interno Bruto (PIB).<\/p>\n","protected":false},"excerpt":{"rendered":"<p>Sam Ojeda | NV Noticias\u00a0 Xalapa.- La coordinadora nacional de Mujeres Revolucionarias de M\u00e9xico, Mar\u00eda Antonia P\u00e9rez Sosa, critic\u00f3 que a tres a\u00f1os de la actual administraci\u00f3n que preside el gobernador Cuitl\u00e1huac Garc\u00eda Jim\u00e9nez no se ha nombrado a la titular del Instituto Veracruzano de las Mujeres (IVM). Dijo que parece que a este gobierno [&hellip;]<\/p>\n","protected":false},"author":6,"featured_media":44087,"comment_status":"open","ping_status":"open","sticky":false,"template":"","format":"standard","meta":{"_monsterinsights_skip_tracking":false,"_monsterinsights_sitenote_active":false,"_monsterinsights_sitenote_note":"","_monsterinsights_sitenote_category":0,"footnotes":""},"categories":[156],"tags":[2177],"class_list":["post-44086","post","type-post","status-publish","format-standard","has-post-thumbnail","hentry","category-estado","tag-feministas","wp-image-borders"],"amp_enabled":true,"_links":{"self":[{"href":"https:\/\/nvnoticias.mx\/index.php\/wp-json\/wp\/v2\/posts\/44086","targetHints":{"allow":["GET"]}}],"collection":[{"href":"https:\/\/nvnoticias.mx\/index.php\/wp-json\/wp\/v2\/posts"}],"about":[{"href":"https:\/\/nvnoticias.mx\/index.php\/wp-json\/wp\/v2\/types\/post"}],"author":[{"embeddable":true,"href":"https:\/\/nvnoticias.mx\/index.php\/wp-json\/wp\/v2\/users\/6"}],"replies":[{"embeddable":true,"href":"https:\/\/nvnoticias.mx\/index.php\/wp-json\/wp\/v2\/comments?post=44086"}],"version-history":[{"count":1,"href":"https:\/\/nvnoticias.mx\/index.php\/wp-json\/wp\/v2\/posts\/44086\/revisions"}],"predecessor-version":[{"id":44088,"href":"https:\/\/nvnoticias.mx\/index.php\/wp-json\/wp\/v2\/posts\/44086\/revisions\/44088"}],"wp:featuredmedia":[{"embeddable":true,"href":"https:\/\/nvnoticias.mx\/index.php\/wp-json\/wp\/v2\/media\/44087"}],"wp:attachment":[{"href":"https:\/\/nvnoticias.mx\/index.php\/wp-json\/wp\/v2\/media?parent=44086"}],"wp:term":[{"taxonomy":"category","embeddable":true,"href":"https:\/\/nvnoticias.mx\/index.php\/wp-json\/wp\/v2\/categories?post=44086"},{"taxonomy":"post_tag","embeddable":true,"href":"https:\/\/nvnoticias.mx\/index.php\/wp-json\/wp\/v2\/tags?post=44086"}],"curies":[{"name":"wp","href":"https:\/\/api.w.org\/{rel}","templated":true}]}}