{"id":44046,"date":"2022-03-07T09:58:22","date_gmt":"2022-03-07T15:58:22","guid":{"rendered":"https:\/\/nvnoticias.mx\/?p=44046"},"modified":"2022-03-07T09:58:24","modified_gmt":"2022-03-07T15:58:24","slug":"ucrania-huye-despavorida","status":"publish","type":"post","link":"https:\/\/nvnoticias.mx\/index.php\/2022\/03\/07\/ucrania-huye-despavorida\/","title":{"rendered":"Ucrania huye despavorida"},"content":{"rendered":"\n<p><strong>Edgard Gonz\u00e1lez Su\u00e1rez<\/strong><\/p>\n\n\n\n<p>El 24 de febrero pasado, Vladimir Putin, dio inicio a la invasi\u00f3n a Ucrania, es decir, hace apenas 10 d\u00edas, y como lo hemos venido diciendo hay que tener mucho cuidado con el ruido medi\u00e1tico y la guerra de propaganda desatada, no solo en el frente de combate, sino en la retaguardia, y en todas las zonas declaras aliadas, de uno u otro bando, y en aquellas que mantienen un estatus neutral, donde la propaganda tambi\u00e9n tiene su funci\u00f3n y hace su tarea.\u00a0<\/p>\n\n\n\n<p>En estos d\u00edas se han agrupado dos bandos informativos y propagand\u00edsticos, los que tratan de imponer en el imaginario colectivo la \u201cidea\u201d de la maldad hist\u00f3rica de Rusia, por un lado, y el de la leg\u00edtima defensa y derecho a la seguridad de Rusia por el otro. Por su puesto en los medios occidentales, como lo comentamos la semana pasada, la primera idea se hace circular por redes sociales, medios electr\u00f3nicos, radio, prensa y tv. En los estados o zonas bajo liderazgo y presencia ruso, se difunde la segunda idea, por todos los medios convencionales e incluso las redes sociales.&nbsp;<\/p>\n\n\n\n<p>Se han conformado tres racimos de interpretaciones acerca del conflicto Ruso-Ucraniano:\u00a0<\/p>\n\n\n\n<ul class=\"wp-block-list\"><li>Vladimir Putin enloqueci\u00f3, no ha descansado en tratar de restituir el antiguo Imperio de los zares, y la invasi\u00f3n de Ucrania, no es sino la parte inicial de su expansi\u00f3n hacia toda Europa.\u00a0<\/li><li>Los Estados fronterizos con Rusia (Estonia, Letonia, Polonia, Lituania, Ucrania, Bielorrusia, etc.) Tienen el derecho inalienable a decidir, a qu\u00e9 bloque estrat\u00e9gico pertenecer, para comerciar y asegurar su integridad sociopol\u00edtica frente a potencias extranjeras.\u00a0<\/li><li>Rusia ha invadido a Ucrania por sus reservas petroleras y de gas natural, con lo cual, la invasi\u00f3n tiene un car\u00e1cter imperialista de tipo econ\u00f3mico.\u00a0<\/li><\/ul>\n\n\n\n<p>En las tres interpretaciones, la federaci\u00f3n rusa, aparece como el \u201cdemonio desatado\u201d. O bien, Rusia tiene un delirio milenario sobre su historia y expansi\u00f3n en el mundo; o bien, Rusia quiere el control pol\u00edtico de las zonas fronterizas en la Europa eslava y b\u00e1ltica, o bien, Rusia ataca a un pa\u00eds independiente que quiere controlar sus recursos y vend\u00e9rselos a quien m\u00e1s le convenga.&nbsp;<\/p>\n\n\n\n<p>Con este an\u00e1lisis y propaganda global, los pa\u00edses europeos han intentado hacer frente al \u201cOso Ruso\u201d que se ha decidido dar zarpazos a una inocente, d\u00e9bil, e ingenua Ucrania, interpretaci\u00f3n, que pienso yo, no debemos aceptar bajo ninguna circunstancia.&nbsp;<\/p>\n\n\n\n<p>En sentido complementario y para reforzar la propaganda de guerra, se ha querido construir en el \u00e1nimo de la poblaci\u00f3n, por un lado, una lucha desigual, que desde luego lo es, y brutalmente desigual; y por otro, una lucha heroica, del pueblo Ucraniano, que ha decir verdad, salieron despavoridos de las principales ciudades Ucranianas, empezando por Kiev, la capital. Dejando a las milicias y, al ej\u00e9rcito Ucraniano, en el frente de lucha. Sin embargo, la narrativa medi\u00e1tica es otra:&nbsp;<\/p>\n\n\n\n<p>\u201cKiev resiste como nadie\u201d&nbsp;<\/p>\n\n\n\n<p>\u201cKiev detiene el avance de las tropas rusas\u201d&nbsp;<\/p>\n\n\n\n<p>\u201cKiev derriba helic\u00f3pteros y tanques rusos\u201d&nbsp;<\/p>\n\n\n\n<p>\u201cLos civiles, sin capacitaci\u00f3n militar, se enrolan en la defensa del pa\u00eds\u201d&nbsp;<\/p>\n\n\n\n<p>\u201cEl ej\u00e9rcito ruso sorprendido por la defensa ucraniana\u201d&nbsp;<\/p>\n\n\n\n<p>\u201cLos milicianos ucranianos matan a general ruso\u201d &nbsp;<\/p>\n\n\n\n<p>Lo cierto es que la regi\u00f3n del donb\u00e1ss, desde el inicio de la invasi\u00f3n qued\u00f3 bajo control ruso, la ciudad de Jarkov, Maruipol y Jerson en la frontera oriental han sucumbido, y Odesa, Mykolaiv y Kiev se encuentran sitiadas y bajo fuego.&nbsp;<\/p>\n\n\n\n<p>Dec\u00edamos desde la semana pasada que esta propaganda solo favorece el estado de \u00e1nimo favorable a la Guerra. A los misiles rusos se extendieron una serie de medidas econ\u00f3micas que intentan cercenar el avance ruso. Rusia por su parte declar\u00f3 que dichas sanciones son un ataque y un robo a Rusia, y el gobierno de Rusia declar\u00f3, que cualquier intento por bloquear el espacio a\u00e9reo de Ucrania ser\u00eda considerado como un acto hostil, de cualquier pa\u00eds involucrado. &nbsp;<\/p>\n\n\n\n<p>Nadie, hablaba de negociaciones, \u00e9stas se iniciaron, entre la delegaci\u00f3n rusa y ucraniana, precisamente hace una semana, y sin ning\u00fan acuerdo pr\u00e1ctico, a excepci\u00f3n de la formaci\u00f3n de corredores humanitarios para los refugiados. Apenas el s\u00e1bado 5 de marzo, Israel se constituy\u00f3, a la velocidad de la luz, en mediador del conflicto, a propuesta de Alemania, mediaci\u00f3n que ha sido interpretada desde varios enfoques. El m\u00e1s l\u00f3gico es un alto urgente a la guerra, para evitar un desastre a la econom\u00eda mundial. Una entrevista de tres horas, entre el primer ministro, Neftal\u00ed Bennet de Israel y, Putin, en Mosc\u00fa, bien podr\u00eda encauzar la Guerra hacia su fin, aunque, a\u00fan no se sabe, bien a bien, las propuestas ah\u00ed discutidas ni la respuesta de Europa.&nbsp;<\/p>\n\n\n\n<p>Es probable que este lunes se reanuden las negociaciones entre Rusia y Ucrania, veremos si la mediaci\u00f3n israelita sirvi\u00f3 de algo. Mientras tanto, la propaganda se refuerza y continua. Pongamos m\u00e1s atenci\u00f3n a la negociaci\u00f3n, y menos al ruido medi\u00e1tico.&nbsp;<\/p>\n","protected":false},"excerpt":{"rendered":"<p>Edgard Gonz\u00e1lez Su\u00e1rez El 24 de febrero pasado, Vladimir Putin, dio inicio a la invasi\u00f3n a Ucrania, es decir, hace apenas 10 d\u00edas, y como lo hemos venido diciendo hay que tener mucho cuidado con el ruido medi\u00e1tico y la guerra de propaganda desatada, no solo en el frente de combate, sino en la retaguardia, [&hellip;]<\/p>\n","protected":false},"author":26,"featured_media":44057,"comment_status":"open","ping_status":"open","sticky":false,"template":"","format":"standard","meta":{"_monsterinsights_skip_tracking":false,"_monsterinsights_sitenote_active":false,"_monsterinsights_sitenote_note":"","_monsterinsights_sitenote_category":0,"footnotes":""},"categories":[242],"tags":[702],"class_list":["post-44046","post","type-post","status-publish","format-standard","has-post-thumbnail","hentry","category-macroscopio","tag-edgard-gonzalez-suarez","wp-image-borders"],"amp_enabled":true,"_links":{"self":[{"href":"https:\/\/nvnoticias.mx\/index.php\/wp-json\/wp\/v2\/posts\/44046","targetHints":{"allow":["GET"]}}],"collection":[{"href":"https:\/\/nvnoticias.mx\/index.php\/wp-json\/wp\/v2\/posts"}],"about":[{"href":"https:\/\/nvnoticias.mx\/index.php\/wp-json\/wp\/v2\/types\/post"}],"author":[{"embeddable":true,"href":"https:\/\/nvnoticias.mx\/index.php\/wp-json\/wp\/v2\/users\/26"}],"replies":[{"embeddable":true,"href":"https:\/\/nvnoticias.mx\/index.php\/wp-json\/wp\/v2\/comments?post=44046"}],"version-history":[{"count":2,"href":"https:\/\/nvnoticias.mx\/index.php\/wp-json\/wp\/v2\/posts\/44046\/revisions"}],"predecessor-version":[{"id":44051,"href":"https:\/\/nvnoticias.mx\/index.php\/wp-json\/wp\/v2\/posts\/44046\/revisions\/44051"}],"wp:featuredmedia":[{"embeddable":true,"href":"https:\/\/nvnoticias.mx\/index.php\/wp-json\/wp\/v2\/media\/44057"}],"wp:attachment":[{"href":"https:\/\/nvnoticias.mx\/index.php\/wp-json\/wp\/v2\/media?parent=44046"}],"wp:term":[{"taxonomy":"category","embeddable":true,"href":"https:\/\/nvnoticias.mx\/index.php\/wp-json\/wp\/v2\/categories?post=44046"},{"taxonomy":"post_tag","embeddable":true,"href":"https:\/\/nvnoticias.mx\/index.php\/wp-json\/wp\/v2\/tags?post=44046"}],"curies":[{"name":"wp","href":"https:\/\/api.w.org\/{rel}","templated":true}]}}