{"id":44032,"date":"2022-03-06T19:00:00","date_gmt":"2022-03-07T01:00:00","guid":{"rendered":"https:\/\/nvnoticias.mx\/?p=44032"},"modified":"2022-03-06T23:34:53","modified_gmt":"2022-03-07T05:34:53","slug":"determina-cedh-que-filtracion-de-fotos-de-exsecretario-de-salud-de-veracruz-detenido-violo-sus-derechos-humanos","status":"publish","type":"post","link":"https:\/\/nvnoticias.mx\/index.php\/2022\/03\/06\/determina-cedh-que-filtracion-de-fotos-de-exsecretario-de-salud-de-veracruz-detenido-violo-sus-derechos-humanos\/","title":{"rendered":"Determina CEDH que filtraci\u00f3n de fotos de exsecretario de Salud de Veracruz detenido, viol\u00f3 sus derechos humanos"},"content":{"rendered":"\n<p>La\u00a0Comisi\u00f3n Estatal de Derechos Humanos de Veracruz\u00a0determin\u00f3 que la filtraci\u00f3n de fotograf\u00edas de la detenci\u00f3n del extitular de la Secretar\u00eda de Salud,\u00a0Juan Antonio Nemi Dib,\u00a0quien fue aprehendido en 2017 y luego declarado inocente de todos los cargos, viol\u00f3 el\u00a0C\u00f3digo Nacional de Procedimientos Penales.<\/p>\n\n\n\n<p>Al emitir una recomendaci\u00f3n a la Fiscal\u00eda General del Estado (FGE), el organismo pidi\u00f3 se reconozca la calidad de v\u00edctima del exfuncionario estatal, detenido durante el\u00a0gobierno del panista Miguel \u00c1ngel Yunes Linares.<\/p>\n\n\n\n<p>La recomendaci\u00f3n acredit\u00f3 que el exfuncionario estatal fue expuesto indebidamente a los medios de informaci\u00f3n durante su captura, lo que puso en riesgo su integridad personal y la de su familia al presentarlo como culpable sin que existiera un debido proceso.<\/p>\n\n\n\n<p>Y es que durante su captura, fueron filtradas y difundidas en cuentas de Twitter y Facebook de periodistas, as\u00ed como en medios de comunicaci\u00f3n, las im\u00e1genes del ex servidor p\u00fablico al momento de ser detenido y trasladado por agentes ministeriales.<\/p>\n\n\n\n<p>De acuerdo con el veredicto de la Comisi\u00f3n, la filtraci\u00f3n de las fotograf\u00edas de la detenci\u00f3n por parte de las autoridades de la Fiscal\u00eda del Estado, viol\u00f3 los art\u00edculos 15 y 113 del C\u00f3digo Nacional de Procedimientos Penales referentes al derecho a la intimidad y la privacidad, a no ser expuesto a los medios de comunicaci\u00f3n ni ser presentado ante la comunidad como culpable.<\/p>\n\n\n\n<p>Para la defensa de Nemi Dib, los delitos cometidos por los exservidores p\u00fablicos, tambi\u00e9n pudieran ser imputables a los medios de informaci\u00f3n y periodistas que recibieron dichas filtraciones y las publicaron, porque atentaron contra la dignidad y presunci\u00f3n de inocencia de la v\u00edctima.<\/p>\n\n\n\n<p>Consideraron violaciones a la Ley Federal de Protecci\u00f3n de Datos Personales, y al C\u00f3digo Penal vigente.<\/p>\n\n\n\n<p>La CEDH inst\u00f3 a la FGE a realizar los tr\u00e1mites y gestiones necesarias ante la Comisi\u00f3n Ejecutiva Estatal de Atenci\u00f3n a V\u00edctimas para que Juan Antonio Nemi Dib sea inscrito en el Registro Estatal de V\u00edctimas para su protecci\u00f3n y asesor\u00eda.<\/p>\n\n\n\n<p>Adem\u00e1s pidi\u00f3 que se inicie a la brevedad un procedimiento administrativo en contra de todos y cada uno de los servidores p\u00fablicos involucrados en estos hechos, y cuya conducta violatoria de los derechos humanos qued\u00f3 demostrada en este caso.<\/p>\n\n\n\n<p>Consideraron violaciones a la Ley Federal de Protecci\u00f3n de Datos Personales, y al C\u00f3digo Penal vigente.<\/p>\n\n\n\n<p>La CEDH inst\u00f3 a la FGE a realizar los tr\u00e1mites y gestiones necesarias ante la Comisi\u00f3n Ejecutiva Estatal de Atenci\u00f3n a V\u00edctimas para que Juan Antonio Nemi Dib sea inscrito en el Registro Estatal de V\u00edctimas para su protecci\u00f3n y asesor\u00eda.<\/p>\n\n\n\n<p>Adem\u00e1s pidi\u00f3 que se inicie a la brevedad un procedimiento administrativo en contra de todos y cada uno de los servidores p\u00fablicos involucrados en estos hechos, y cuya conducta violatoria de los derechos humanos qued\u00f3 demostrada en este caso.<\/p>\n\n\n\n<p>Fuente: El Universal<\/p>\n","protected":false},"excerpt":{"rendered":"<p>La\u00a0Comisi\u00f3n Estatal de Derechos Humanos de Veracruz\u00a0determin\u00f3 que la filtraci\u00f3n de fotograf\u00edas de la detenci\u00f3n del extitular de la Secretar\u00eda de Salud,\u00a0Juan Antonio Nemi Dib,\u00a0quien fue aprehendido en 2017 y luego declarado inocente de todos los cargos, viol\u00f3 el\u00a0C\u00f3digo Nacional de Procedimientos Penales. Al emitir una recomendaci\u00f3n a la Fiscal\u00eda General del Estado (FGE), el [&hellip;]<\/p>\n","protected":false},"author":7,"featured_media":10329,"comment_status":"open","ping_status":"open","sticky":false,"template":"","format":"standard","meta":{"_monsterinsights_skip_tracking":false,"_monsterinsights_sitenote_active":false,"_monsterinsights_sitenote_note":"","_monsterinsights_sitenote_category":0,"footnotes":""},"categories":[156],"tags":[353,11458,11457,11456,180],"class_list":["post-44032","post","type-post","status-publish","format-standard","has-post-thumbnail","hentry","category-estado","tag-cedh","tag-comision-estatal-de-derechos-humanos","tag-exsecretario-de-salud","tag-juan-antonio-nemi-dib","tag-veracruz","wp-image-borders"],"amp_enabled":true,"_links":{"self":[{"href":"https:\/\/nvnoticias.mx\/index.php\/wp-json\/wp\/v2\/posts\/44032","targetHints":{"allow":["GET"]}}],"collection":[{"href":"https:\/\/nvnoticias.mx\/index.php\/wp-json\/wp\/v2\/posts"}],"about":[{"href":"https:\/\/nvnoticias.mx\/index.php\/wp-json\/wp\/v2\/types\/post"}],"author":[{"embeddable":true,"href":"https:\/\/nvnoticias.mx\/index.php\/wp-json\/wp\/v2\/users\/7"}],"replies":[{"embeddable":true,"href":"https:\/\/nvnoticias.mx\/index.php\/wp-json\/wp\/v2\/comments?post=44032"}],"version-history":[{"count":1,"href":"https:\/\/nvnoticias.mx\/index.php\/wp-json\/wp\/v2\/posts\/44032\/revisions"}],"predecessor-version":[{"id":44033,"href":"https:\/\/nvnoticias.mx\/index.php\/wp-json\/wp\/v2\/posts\/44032\/revisions\/44033"}],"wp:featuredmedia":[{"embeddable":true,"href":"https:\/\/nvnoticias.mx\/index.php\/wp-json\/wp\/v2\/media\/10329"}],"wp:attachment":[{"href":"https:\/\/nvnoticias.mx\/index.php\/wp-json\/wp\/v2\/media?parent=44032"}],"wp:term":[{"taxonomy":"category","embeddable":true,"href":"https:\/\/nvnoticias.mx\/index.php\/wp-json\/wp\/v2\/categories?post=44032"},{"taxonomy":"post_tag","embeddable":true,"href":"https:\/\/nvnoticias.mx\/index.php\/wp-json\/wp\/v2\/tags?post=44032"}],"curies":[{"name":"wp","href":"https:\/\/api.w.org\/{rel}","templated":true}]}}