{"id":43999,"date":"2022-03-06T19:28:00","date_gmt":"2022-03-07T01:28:00","guid":{"rendered":"https:\/\/nvnoticias.mx\/?p=43999"},"modified":"2022-03-06T23:38:06","modified_gmt":"2022-03-07T05:38:06","slug":"festeja-ssp-dia-de-la-familia-en-centros-penitenciarios-de-veracruz","status":"publish","type":"post","link":"https:\/\/nvnoticias.mx\/index.php\/2022\/03\/06\/festeja-ssp-dia-de-la-familia-en-centros-penitenciarios-de-veracruz\/","title":{"rendered":"Festeja SSP &#8220;D\u00eda de la familia&#8221; en Centros Penitenciarios de Veracruz"},"content":{"rendered":"\n<p>Con el objetivo de preservar la importancia de la familia como el n\u00facleo m\u00e1s importante en toda sociedad, se llev\u00f3 acabo el festejo del \u201cD\u00eda de la Familia\u201d, en los 17 Centros Penitenciarios y M\u00f3dulo Preventivo 72 horas de Veracruz.<\/p>\n\n\n\n<p>Por tal motivo, las personas privadas de la libertad, realizaron diferentes actividades recreativas y de convivencia, las cuales disfrutaron junto a sus familiares y estrecharon lazos de uni\u00f3n.<\/p>\n\n\n\n<p>Esto como parte de su proceso para la reinserci\u00f3n social, en el cu\u00e1l la familia es un factor primordial. Con estas acciones la SSP a trav\u00e9s de la Direcci\u00f3n General de Prevenci\u00f3n y reinserci\u00f3n Social, fomenta la integraci\u00f3n y uni\u00f3n familiar en la poblaci\u00f3n penitenciaria.<\/p>\n","protected":false},"excerpt":{"rendered":"<p>Con el objetivo de preservar la importancia de la familia como el n\u00facleo m\u00e1s importante en toda sociedad, se llev\u00f3 acabo el festejo del \u201cD\u00eda de la Familia\u201d, en los 17 Centros Penitenciarios y M\u00f3dulo Preventivo 72 horas de Veracruz. Por tal motivo, las personas privadas de la libertad, realizaron diferentes actividades recreativas y de [&hellip;]<\/p>\n","protected":false},"author":7,"featured_media":44000,"comment_status":"open","ping_status":"open","sticky":false,"template":"","format":"standard","meta":{"_monsterinsights_skip_tracking":false,"_monsterinsights_sitenote_active":false,"_monsterinsights_sitenote_note":"","_monsterinsights_sitenote_category":0,"footnotes":""},"categories":[156],"tags":[11448,11447,1517,2570,548],"class_list":["post-43999","post","type-post","status-publish","format-standard","has-post-thumbnail","hentry","category-estado","tag-centros-penitenciarios","tag-dia-de-la-familia","tag-misantla","tag-secretaria-de-seguridad","tag-ssp","wp-image-borders"],"amp_enabled":true,"_links":{"self":[{"href":"https:\/\/nvnoticias.mx\/index.php\/wp-json\/wp\/v2\/posts\/43999","targetHints":{"allow":["GET"]}}],"collection":[{"href":"https:\/\/nvnoticias.mx\/index.php\/wp-json\/wp\/v2\/posts"}],"about":[{"href":"https:\/\/nvnoticias.mx\/index.php\/wp-json\/wp\/v2\/types\/post"}],"author":[{"embeddable":true,"href":"https:\/\/nvnoticias.mx\/index.php\/wp-json\/wp\/v2\/users\/7"}],"replies":[{"embeddable":true,"href":"https:\/\/nvnoticias.mx\/index.php\/wp-json\/wp\/v2\/comments?post=43999"}],"version-history":[{"count":2,"href":"https:\/\/nvnoticias.mx\/index.php\/wp-json\/wp\/v2\/posts\/43999\/revisions"}],"predecessor-version":[{"id":44009,"href":"https:\/\/nvnoticias.mx\/index.php\/wp-json\/wp\/v2\/posts\/43999\/revisions\/44009"}],"wp:featuredmedia":[{"embeddable":true,"href":"https:\/\/nvnoticias.mx\/index.php\/wp-json\/wp\/v2\/media\/44000"}],"wp:attachment":[{"href":"https:\/\/nvnoticias.mx\/index.php\/wp-json\/wp\/v2\/media?parent=43999"}],"wp:term":[{"taxonomy":"category","embeddable":true,"href":"https:\/\/nvnoticias.mx\/index.php\/wp-json\/wp\/v2\/categories?post=43999"},{"taxonomy":"post_tag","embeddable":true,"href":"https:\/\/nvnoticias.mx\/index.php\/wp-json\/wp\/v2\/tags?post=43999"}],"curies":[{"name":"wp","href":"https:\/\/api.w.org\/{rel}","templated":true}]}}