{"id":43992,"date":"2022-03-06T20:19:21","date_gmt":"2022-03-07T02:19:21","guid":{"rendered":"https:\/\/nvnoticias.mx\/?p=43992"},"modified":"2022-03-06T20:19:22","modified_gmt":"2022-03-07T02:19:22","slug":"anuncia-ssp-que-familia-reportada-como-desaparecida-ha-sido-localizada","status":"publish","type":"post","link":"https:\/\/nvnoticias.mx\/index.php\/2022\/03\/06\/anuncia-ssp-que-familia-reportada-como-desaparecida-ha-sido-localizada\/","title":{"rendered":"Anuncia SSP que familia reportada como desaparecida ha sido localizada"},"content":{"rendered":"\n<p>A trav\u00e9s de sus redes sociales, el Secretario de Seguridad P\u00fablica del Estado de Veracruz, Hugo Guti\u00e9rrez Maldonado, anunci\u00f3 que tras haberse reporte de una familia de turistas provenientes de la Ciudad de M\u00e9xico, presuntamente desaparecida en la localidad de Carrizal, municipio de Emiliano Zapata, fue localizada por elementos de la Polic\u00eda Estatal sanos y salvos.<\/p>\n\n\n\n<p>La familia de 10 integrantes, entre ellos cuatro menores de edad, fue reportada como desaparecida por familiares, quienes avisaron que se transportaban en dos veh\u00edculos hacia el balneario de Carrizal, sin embargo, aseguraron perder comunicaci\u00f3n con ellos. <\/p>\n\n\n\n<p>Tras ser ubicados, la familia afirm\u00f3 haber tenido problemas para comunicarse y aseguraron que se trasladar\u00edan de regreso a la Ciudad de M\u00e9xico, siendo esta \u00faltima su ciudad de origen.<\/p>\n","protected":false},"excerpt":{"rendered":"<p>A trav\u00e9s de sus redes sociales, el Secretario de Seguridad P\u00fablica del Estado de Veracruz, Hugo Guti\u00e9rrez Maldonado, anunci\u00f3 que tras haberse reporte de una familia de turistas provenientes de la Ciudad de M\u00e9xico, presuntamente desaparecida en la localidad de Carrizal, municipio de Emiliano Zapata, fue localizada por elementos de la Polic\u00eda Estatal sanos y [&hellip;]<\/p>\n","protected":false},"author":7,"featured_media":43993,"comment_status":"open","ping_status":"open","sticky":false,"template":"","format":"standard","meta":{"_monsterinsights_skip_tracking":false,"_monsterinsights_sitenote_active":false,"_monsterinsights_sitenote_note":"","_monsterinsights_sitenote_category":0,"footnotes":""},"categories":[156],"tags":[950,2909,2592,162,662,548],"class_list":["post-43992","post","type-post","status-publish","format-standard","has-post-thumbnail","hentry","category-estado","tag-desaparecidos","tag-familia","tag-hugo-gutierrez-maldonado","tag-portada","tag-secretaria-de-seguridad-publica","tag-ssp","wp-image-borders"],"amp_enabled":true,"_links":{"self":[{"href":"https:\/\/nvnoticias.mx\/index.php\/wp-json\/wp\/v2\/posts\/43992","targetHints":{"allow":["GET"]}}],"collection":[{"href":"https:\/\/nvnoticias.mx\/index.php\/wp-json\/wp\/v2\/posts"}],"about":[{"href":"https:\/\/nvnoticias.mx\/index.php\/wp-json\/wp\/v2\/types\/post"}],"author":[{"embeddable":true,"href":"https:\/\/nvnoticias.mx\/index.php\/wp-json\/wp\/v2\/users\/7"}],"replies":[{"embeddable":true,"href":"https:\/\/nvnoticias.mx\/index.php\/wp-json\/wp\/v2\/comments?post=43992"}],"version-history":[{"count":1,"href":"https:\/\/nvnoticias.mx\/index.php\/wp-json\/wp\/v2\/posts\/43992\/revisions"}],"predecessor-version":[{"id":43994,"href":"https:\/\/nvnoticias.mx\/index.php\/wp-json\/wp\/v2\/posts\/43992\/revisions\/43994"}],"wp:featuredmedia":[{"embeddable":true,"href":"https:\/\/nvnoticias.mx\/index.php\/wp-json\/wp\/v2\/media\/43993"}],"wp:attachment":[{"href":"https:\/\/nvnoticias.mx\/index.php\/wp-json\/wp\/v2\/media?parent=43992"}],"wp:term":[{"taxonomy":"category","embeddable":true,"href":"https:\/\/nvnoticias.mx\/index.php\/wp-json\/wp\/v2\/categories?post=43992"},{"taxonomy":"post_tag","embeddable":true,"href":"https:\/\/nvnoticias.mx\/index.php\/wp-json\/wp\/v2\/tags?post=43992"}],"curies":[{"name":"wp","href":"https:\/\/api.w.org\/{rel}","templated":true}]}}