{"id":43990,"date":"2022-03-06T19:35:05","date_gmt":"2022-03-07T01:35:05","guid":{"rendered":"https:\/\/nvnoticias.mx\/?p=43990"},"modified":"2022-03-06T19:35:07","modified_gmt":"2022-03-07T01:35:07","slug":"habra-calor-lluvia-y-norte-esta-semana-en-veracruz","status":"publish","type":"post","link":"https:\/\/nvnoticias.mx\/index.php\/2022\/03\/06\/habra-calor-lluvia-y-norte-esta-semana-en-veracruz\/","title":{"rendered":"Habr\u00e1 calor, lluvia y norte esta semana en Veracruz"},"content":{"rendered":"\n<p>La Secretar\u00eda de Protecci\u00f3n Civil del Estado de Veracruz, anunci\u00f3 que este lunes se espera calor al mediod\u00eda y tarde, perdiendo intensidad el martes, y aumentar\u00e1 nuevamente de mi\u00e9rcoles a viernes.<\/p>\n\n\n\n<p>Existe la probabilidad de lluvias, la cual se incrementar\u00e1 a partir de la tarde-noche del lunes en el norte y monta\u00f1as del centro del estado, no descartando tormentas dispersas, potencial que disminuye el jueves. <\/p>\n\n\n\n<p>A partir de la tarde del lunes 7 prev\u00e9n viento del NORTE en la zona norte que se debilitar\u00e1 el martes 8, y se reintesificar\u00e1 y generalizar\u00e1 el mi\u00e9rcoles 9, con pron\u00f3stico de rachas no superiores a 65 km\/h. <\/p>\n\n\n\n<p>A pesar de esto, el ambiente ser\u00e1 favorable para el desarrollo de incendios forestales, de pastizales y basureros.<\/p>\n","protected":false},"excerpt":{"rendered":"<p>La Secretar\u00eda de Protecci\u00f3n Civil del Estado de Veracruz, anunci\u00f3 que este lunes se espera calor al mediod\u00eda y tarde, perdiendo intensidad el martes, y aumentar\u00e1 nuevamente de mi\u00e9rcoles a viernes. Existe la probabilidad de lluvias, la cual se incrementar\u00e1 a partir de la tarde-noche del lunes en el norte y monta\u00f1as del centro del [&hellip;]<\/p>\n","protected":false},"author":7,"featured_media":1427,"comment_status":"open","ping_status":"open","sticky":false,"template":"","format":"standard","meta":{"_monsterinsights_skip_tracking":false,"_monsterinsights_sitenote_active":false,"_monsterinsights_sitenote_note":"","_monsterinsights_sitenote_category":0,"footnotes":""},"categories":[156],"tags":[2210,265,329,267,162,180],"class_list":["post-43990","post","type-post","status-publish","format-standard","has-post-thumbnail","hentry","category-estado","tag-calor","tag-clima","tag-lluvia","tag-norte","tag-portada","tag-veracruz","wp-image-borders"],"amp_enabled":true,"_links":{"self":[{"href":"https:\/\/nvnoticias.mx\/index.php\/wp-json\/wp\/v2\/posts\/43990","targetHints":{"allow":["GET"]}}],"collection":[{"href":"https:\/\/nvnoticias.mx\/index.php\/wp-json\/wp\/v2\/posts"}],"about":[{"href":"https:\/\/nvnoticias.mx\/index.php\/wp-json\/wp\/v2\/types\/post"}],"author":[{"embeddable":true,"href":"https:\/\/nvnoticias.mx\/index.php\/wp-json\/wp\/v2\/users\/7"}],"replies":[{"embeddable":true,"href":"https:\/\/nvnoticias.mx\/index.php\/wp-json\/wp\/v2\/comments?post=43990"}],"version-history":[{"count":1,"href":"https:\/\/nvnoticias.mx\/index.php\/wp-json\/wp\/v2\/posts\/43990\/revisions"}],"predecessor-version":[{"id":43991,"href":"https:\/\/nvnoticias.mx\/index.php\/wp-json\/wp\/v2\/posts\/43990\/revisions\/43991"}],"wp:featuredmedia":[{"embeddable":true,"href":"https:\/\/nvnoticias.mx\/index.php\/wp-json\/wp\/v2\/media\/1427"}],"wp:attachment":[{"href":"https:\/\/nvnoticias.mx\/index.php\/wp-json\/wp\/v2\/media?parent=43990"}],"wp:term":[{"taxonomy":"category","embeddable":true,"href":"https:\/\/nvnoticias.mx\/index.php\/wp-json\/wp\/v2\/categories?post=43990"},{"taxonomy":"post_tag","embeddable":true,"href":"https:\/\/nvnoticias.mx\/index.php\/wp-json\/wp\/v2\/tags?post=43990"}],"curies":[{"name":"wp","href":"https:\/\/api.w.org\/{rel}","templated":true}]}}