{"id":43972,"date":"2022-03-06T14:29:09","date_gmt":"2022-03-06T20:29:09","guid":{"rendered":"https:\/\/nvnoticias.mx\/?p=43972"},"modified":"2022-03-06T15:58:36","modified_gmt":"2022-03-06T21:58:36","slug":"yeri-mua-orgullosa-y-amar-ser-veracruzana-reina-del-carnaval-veracruz","status":"publish","type":"post","link":"https:\/\/nvnoticias.mx\/index.php\/2022\/03\/06\/yeri-mua-orgullosa-y-amar-ser-veracruzana-reina-del-carnaval-veracruz\/","title":{"rendered":"Afirma &#8216;Yeri MUA&#8217; &#8220;estar orgullosa y amar ser veracruzana&#8221; tras destapar su inter\u00e9s por ser reina del Carnaval de Veracruz 2022"},"content":{"rendered":"\n<p>A trav\u00e9s de un Facebook Live en su p\u00e1gina, la influencer veracruzana Yeri Cruz Varela, mejor conocida como <a href=\"https:\/\/www.facebook.com\/yerimua\"><strong>&#8216;Yeri MUA&#8217;<\/strong><\/a>, afirm\u00f3 estar interesada en ser reina del Carnaval de Veracruz 2022.<\/p>\n\n\n\n<p>La &#8216;Bratz jarocha&#8217; asegur\u00f3 que ella &#8220;ama Veracruz y est\u00e1 orgullosa de ser veracruzana&#8221;, esto aclarando rumores que surgieron en redes sociales.<\/p>\n\n\n\n<p>Asegur\u00f3 que el video donde seg\u00fan &#8220;habla mal de Veracruz&#8221; est\u00e1 recortado a prop\u00f3sito para ponerla encontra con los jarochos ya que &#8220;ella nunca ha tenido verg\u00fcenza de Veracruz y siempre habla de que es y est\u00e1 orgullosa de ser veracruzana&#8221;.<\/p>\n\n\n\n<p>Se espera que en pr\u00f3ximos d\u00edas se revele si la influencer se inscribir\u00e1 o no en la convocatoria a reina del Carnaval de Veracruz 2022.<\/p>\n","protected":false},"excerpt":{"rendered":"<p>A trav\u00e9s de un Facebook Live en su p\u00e1gina, la influencer veracruzana Yeri Cruz Varela, mejor conocida como &#8216;Yeri MUA&#8217;, afirm\u00f3 estar interesada en ser reina del Carnaval de Veracruz 2022. La &#8216;Bratz jarocha&#8217; asegur\u00f3 que ella &#8220;ama Veracruz y est\u00e1 orgullosa de ser veracruzana&#8221;, esto aclarando rumores que surgieron en redes sociales. Asegur\u00f3 que [&hellip;]<\/p>\n","protected":false},"author":7,"featured_media":43973,"comment_status":"open","ping_status":"open","sticky":false,"template":"","format":"standard","meta":{"_monsterinsights_skip_tracking":false,"_monsterinsights_sitenote_active":false,"_monsterinsights_sitenote_note":"","_monsterinsights_sitenote_category":0,"footnotes":""},"categories":[576],"tags":[7110,1138,11412,11411,7108,7109],"class_list":["post-43972","post","type-post","status-publish","format-standard","has-post-thumbnail","hentry","category-ocio","tag-bratz-jarocha","tag-carnaval-de-veracruz","tag-carnaval-de-veracruz-2022","tag-reina-del-carnaval-de-veracruz","tag-yeri-cruz-varela","tag-yeri-mua","wp-image-borders"],"amp_enabled":true,"_links":{"self":[{"href":"https:\/\/nvnoticias.mx\/index.php\/wp-json\/wp\/v2\/posts\/43972","targetHints":{"allow":["GET"]}}],"collection":[{"href":"https:\/\/nvnoticias.mx\/index.php\/wp-json\/wp\/v2\/posts"}],"about":[{"href":"https:\/\/nvnoticias.mx\/index.php\/wp-json\/wp\/v2\/types\/post"}],"author":[{"embeddable":true,"href":"https:\/\/nvnoticias.mx\/index.php\/wp-json\/wp\/v2\/users\/7"}],"replies":[{"embeddable":true,"href":"https:\/\/nvnoticias.mx\/index.php\/wp-json\/wp\/v2\/comments?post=43972"}],"version-history":[{"count":2,"href":"https:\/\/nvnoticias.mx\/index.php\/wp-json\/wp\/v2\/posts\/43972\/revisions"}],"predecessor-version":[{"id":43975,"href":"https:\/\/nvnoticias.mx\/index.php\/wp-json\/wp\/v2\/posts\/43972\/revisions\/43975"}],"wp:featuredmedia":[{"embeddable":true,"href":"https:\/\/nvnoticias.mx\/index.php\/wp-json\/wp\/v2\/media\/43973"}],"wp:attachment":[{"href":"https:\/\/nvnoticias.mx\/index.php\/wp-json\/wp\/v2\/media?parent=43972"}],"wp:term":[{"taxonomy":"category","embeddable":true,"href":"https:\/\/nvnoticias.mx\/index.php\/wp-json\/wp\/v2\/categories?post=43972"},{"taxonomy":"post_tag","embeddable":true,"href":"https:\/\/nvnoticias.mx\/index.php\/wp-json\/wp\/v2\/tags?post=43972"}],"curies":[{"name":"wp","href":"https:\/\/api.w.org\/{rel}","templated":true}]}}