{"id":43883,"date":"2022-03-05T13:07:24","date_gmt":"2022-03-05T19:07:24","guid":{"rendered":"https:\/\/nvnoticias.mx\/?p=43883"},"modified":"2022-03-05T13:07:25","modified_gmt":"2022-03-05T19:07:25","slug":"alcalde-de-altotonga-niega-irregularidades-en-basurero","status":"publish","type":"post","link":"https:\/\/nvnoticias.mx\/index.php\/2022\/03\/05\/alcalde-de-altotonga-niega-irregularidades-en-basurero\/","title":{"rendered":"Alcalde de Altotonga niega irregularidades en basurero"},"content":{"rendered":"\n<p><strong>Sam Ojeda\u00a0| NV Noticias <\/strong><\/p>\n\n\n\n<p>Xalapa.- El alcalde de Altotonga, Juan Ignacio Morales Guevara, rechaz\u00f3 que tenga informaci\u00f3n sobre el manejo de los residuos s\u00f3lidos urbanos en el relleno sanitario de Altotonga.\u00a0<\/p>\n\n\n\n<p>Dijo que no tiene conocimiento sobre el tema porque este lugar no fue congestionado por el Ayuntamiento, a pesar de que organizaciones civiles han se\u00f1alado que este sitio es operado de manera deficiente por la empresa Packing.\u00a0<\/p>\n\n\n\n<p>El edil asegur\u00f3 que su municipio usa estas instalaciones pero no lo administra ni lo concesion\u00f3 el Ayuntamiento y que no ha recibido quejas sobre su funcionamiento.<\/p>\n\n\n\n<blockquote class=\"wp-block-quote is-layout-flow wp-block-quote-is-layout-flow\"><p>\u201cEl relleno sanitario est\u00e1 colindando con el Valle pero no es una empresa de Altotonga, viene mediante alguna licitaci\u00f3n para poder tener el relleno\u201d.<\/p><\/blockquote>\n\n\n\n<p><br>Agreg\u00f3 que el osito opera con la reglamentaci\u00f3n requerida y se usa para evitar tener basureros a cielo abierto y generar una mayor contaminaci\u00f3n.\u00a0<\/p>\n\n\n\n<p>No obstante, acept\u00f3 que Altotonga lleva hasta 60 toneladas diariamente a este lugar y que hasta ahora no han tenido denuncias por presuntas irregularidades. \u00a0<\/p>\n","protected":false},"excerpt":{"rendered":"<p>Sam Ojeda\u00a0| NV Noticias Xalapa.- El alcalde de Altotonga, Juan Ignacio Morales Guevara, rechaz\u00f3 que tenga informaci\u00f3n sobre el manejo de los residuos s\u00f3lidos urbanos en el relleno sanitario de Altotonga.\u00a0 Dijo que no tiene conocimiento sobre el tema porque este lugar no fue congestionado por el Ayuntamiento, a pesar de que organizaciones civiles han [&hellip;]<\/p>\n","protected":false},"author":35,"featured_media":40596,"comment_status":"open","ping_status":"open","sticky":false,"template":"","format":"standard","meta":{"_monsterinsights_skip_tracking":false,"_monsterinsights_sitenote_active":false,"_monsterinsights_sitenote_note":"","_monsterinsights_sitenote_category":0,"footnotes":""},"categories":[156],"tags":[559,9029,2448,2666,7927],"class_list":["post-43883","post","type-post","status-publish","format-standard","has-post-thumbnail","hentry","category-estado","tag-alcalde","tag-altotonga","tag-basurero","tag-irregularidades","tag-niega","wp-image-borders"],"amp_enabled":true,"_links":{"self":[{"href":"https:\/\/nvnoticias.mx\/index.php\/wp-json\/wp\/v2\/posts\/43883","targetHints":{"allow":["GET"]}}],"collection":[{"href":"https:\/\/nvnoticias.mx\/index.php\/wp-json\/wp\/v2\/posts"}],"about":[{"href":"https:\/\/nvnoticias.mx\/index.php\/wp-json\/wp\/v2\/types\/post"}],"author":[{"embeddable":true,"href":"https:\/\/nvnoticias.mx\/index.php\/wp-json\/wp\/v2\/users\/35"}],"replies":[{"embeddable":true,"href":"https:\/\/nvnoticias.mx\/index.php\/wp-json\/wp\/v2\/comments?post=43883"}],"version-history":[{"count":1,"href":"https:\/\/nvnoticias.mx\/index.php\/wp-json\/wp\/v2\/posts\/43883\/revisions"}],"predecessor-version":[{"id":43884,"href":"https:\/\/nvnoticias.mx\/index.php\/wp-json\/wp\/v2\/posts\/43883\/revisions\/43884"}],"wp:featuredmedia":[{"embeddable":true,"href":"https:\/\/nvnoticias.mx\/index.php\/wp-json\/wp\/v2\/media\/40596"}],"wp:attachment":[{"href":"https:\/\/nvnoticias.mx\/index.php\/wp-json\/wp\/v2\/media?parent=43883"}],"wp:term":[{"taxonomy":"category","embeddable":true,"href":"https:\/\/nvnoticias.mx\/index.php\/wp-json\/wp\/v2\/categories?post=43883"},{"taxonomy":"post_tag","embeddable":true,"href":"https:\/\/nvnoticias.mx\/index.php\/wp-json\/wp\/v2\/tags?post=43883"}],"curies":[{"name":"wp","href":"https:\/\/api.w.org\/{rel}","templated":true}]}}