{"id":43860,"date":"2022-03-05T11:17:41","date_gmt":"2022-03-05T17:17:41","guid":{"rendered":"https:\/\/nvnoticias.mx\/?p=43860"},"modified":"2022-03-05T11:17:42","modified_gmt":"2022-03-05T17:17:42","slug":"embargan-administrativamente-cam-de-teocelo-ayuntamiento-no-pago-isr","status":"publish","type":"post","link":"https:\/\/nvnoticias.mx\/index.php\/2022\/03\/05\/embargan-administrativamente-cam-de-teocelo-ayuntamiento-no-pago-isr\/","title":{"rendered":"Embargan administrativamente CAM de Teocelo; Ayuntamiento no pag\u00f3 ISR"},"content":{"rendered":"\n<p><strong>Sam Ojeda\u00a0| NV Noticias <\/strong><\/p>\n\n\n\n<p>Xalapa.- El Centro de Atenci\u00f3n M\u00faltiple (CAM) \u201cMar\u00eda Enriqueta Camarillo\u201d en Teocelo, fue embargado administrativamente por el Servicio de Administraci\u00f3n Tributaria (SAT) por impagos del Impuesto Sobre la Renta de los trabajadores de la administraci\u00f3n municipal 2014 a 2017.<\/p>\n\n\n\n<p>Padres de familia de dicho plantel que alberga a 50 ni\u00f1os con discapacidades diferentes fueron notificados de la situaci\u00f3n y temen por el destino del inmueble, por lo que buscaron asesor\u00eda jur\u00eddica para evitar que sean v\u00edctimas de un desalojo.<\/p>\n\n\n\n<blockquote class=\"wp-block-quote is-layout-flow wp-block-quote-is-layout-flow\"><p>\u201cHay un documento de acta de embargo, pero para no generar mal informaci\u00f3n ya nos aclararon, nos explicaron que como escuela no habr\u00eda embargo, hubo un acuerdo en asamblea con padres y se hicieron comunicados oficiales,\u201d.<\/p><\/blockquote>\n\n\n\n<p><br>Se\u00f1alaron que actualmente se est\u00e1n asesorando y les han dicho que dif\u00edcilmente puede ocurrir un embargo, por lo que se trata de un embargo administrativo; por ello, pidieron apoyo de las autoridades.\u00a0<\/p>\n\n\n\n<p>Aunque se trata de una deuda de la exalcaldesa, Ana Lilia L\u00f3pez Vanda, el anterior alcalde Mario Chama D\u00edaz, tampoco le dio seguimiento al problema, por lo que ahora el actual gobierno deber\u00e1 enfrentar el adeudo.<\/p>\n","protected":false},"excerpt":{"rendered":"<p>Sam Ojeda\u00a0| NV Noticias Xalapa.- El Centro de Atenci\u00f3n M\u00faltiple (CAM) \u201cMar\u00eda Enriqueta Camarillo\u201d en Teocelo, fue embargado administrativamente por el Servicio de Administraci\u00f3n Tributaria (SAT) por impagos del Impuesto Sobre la Renta de los trabajadores de la administraci\u00f3n municipal 2014 a 2017. Padres de familia de dicho plantel que alberga a 50 ni\u00f1os con [&hellip;]<\/p>\n","protected":false},"author":35,"featured_media":15335,"comment_status":"open","ping_status":"open","sticky":false,"template":"","format":"standard","meta":{"_monsterinsights_skip_tracking":false,"_monsterinsights_sitenote_active":false,"_monsterinsights_sitenote_note":"","_monsterinsights_sitenote_category":0,"footnotes":""},"categories":[156],"tags":[9672,4227],"class_list":["post-43860","post","type-post","status-publish","format-standard","has-post-thumbnail","hentry","category-estado","tag-isr","tag-teocelo","wp-image-borders"],"amp_enabled":true,"_links":{"self":[{"href":"https:\/\/nvnoticias.mx\/index.php\/wp-json\/wp\/v2\/posts\/43860","targetHints":{"allow":["GET"]}}],"collection":[{"href":"https:\/\/nvnoticias.mx\/index.php\/wp-json\/wp\/v2\/posts"}],"about":[{"href":"https:\/\/nvnoticias.mx\/index.php\/wp-json\/wp\/v2\/types\/post"}],"author":[{"embeddable":true,"href":"https:\/\/nvnoticias.mx\/index.php\/wp-json\/wp\/v2\/users\/35"}],"replies":[{"embeddable":true,"href":"https:\/\/nvnoticias.mx\/index.php\/wp-json\/wp\/v2\/comments?post=43860"}],"version-history":[{"count":1,"href":"https:\/\/nvnoticias.mx\/index.php\/wp-json\/wp\/v2\/posts\/43860\/revisions"}],"predecessor-version":[{"id":43861,"href":"https:\/\/nvnoticias.mx\/index.php\/wp-json\/wp\/v2\/posts\/43860\/revisions\/43861"}],"wp:featuredmedia":[{"embeddable":true,"href":"https:\/\/nvnoticias.mx\/index.php\/wp-json\/wp\/v2\/media\/15335"}],"wp:attachment":[{"href":"https:\/\/nvnoticias.mx\/index.php\/wp-json\/wp\/v2\/media?parent=43860"}],"wp:term":[{"taxonomy":"category","embeddable":true,"href":"https:\/\/nvnoticias.mx\/index.php\/wp-json\/wp\/v2\/categories?post=43860"},{"taxonomy":"post_tag","embeddable":true,"href":"https:\/\/nvnoticias.mx\/index.php\/wp-json\/wp\/v2\/tags?post=43860"}],"curies":[{"name":"wp","href":"https:\/\/api.w.org\/{rel}","templated":true}]}}