{"id":43776,"date":"2022-03-04T15:43:26","date_gmt":"2022-03-04T21:43:26","guid":{"rendered":"https:\/\/nvnoticias.mx\/?p=43776"},"modified":"2022-03-04T15:43:27","modified_gmt":"2022-03-04T21:43:27","slug":"califica-ricardo-montaner-de-acto-despiadado-la-cancion-de-residente-contra-j-balvin","status":"publish","type":"post","link":"https:\/\/nvnoticias.mx\/index.php\/2022\/03\/04\/califica-ricardo-montaner-de-acto-despiadado-la-cancion-de-residente-contra-j-balvin\/","title":{"rendered":"Califica Ricardo Montaner de &#8220;acto despiadado&#8221; la canci\u00f3n de Residente contra J Balvin"},"content":{"rendered":"\n<p>En medio de la nueva pol\u00e9mica de\u00a0<strong>J Balvin<\/strong>\u00a0y\u00a0<strong>Ren\u00e9 P\u00e9rez<\/strong>,\u00a0<strong>Ricardo Montane<\/strong>r toma una importante postura.<\/p>\n\n\n\n<p>&#8220;Este\u00a0<em>blanquito<\/em>\u00a0de colegio todav\u00eda no entiende el\u00a0<em>foking<\/em>\u00a0privilegio. Pero qu\u00e9 esperan de este fracasado criado por su pap\u00e1, un\u00a0<em>influencer<\/em>\u00a0frustrado&#8221;.<\/p>\n\n\n\n<p>&#8220;Es un imb\u00e9cil con tinte de cabello que puso a mujeres negras con cadenas de perro en el cuello&#8221;, le dice el puertorrique\u00f1o al colombiano en su nueva canci\u00f3n. Los casi 4 minutos de&nbsp;<em>tiradera<\/em>,&nbsp; producidos por Bizarrap han divido bandos nuevamente, y eso incluye a algunos famosos que se han manifestado al respecto.<\/p>\n\n\n\n<p>A trav\u00e9s de Twitter,\u00a0<strong>Ricardo Montaner<\/strong>\u00a0escribi\u00f3 al respecto: &#8220;He visto con tristeza c\u00f3mo dos colegas (diferentes) se ensa\u00f1an hasta sacarse sangre&#8221;.<\/p>\n\n\n\n<blockquote class=\"wp-block-quote is-layout-flow wp-block-quote-is-layout-flow\"><p>&#8220;Lo de mi querido @residente con mi querido @JBALVIN es un acto despiadado, una masacre innecesaria, una iron\u00eda, un despilfarro de talento en una causa sin raz\u00f3n&#8221;.<\/p><\/blockquote>\n\n\n\n<p>En 2020,\u00a0<strong>Jos\u00e9<\/strong>\u00a0protagoniz\u00f3 junto a\u00a0<strong>Lali<\/strong>\u00a0el videoclip\u00a0<em>\u00bfQu\u00e9 vas a hacer?<\/em>\u00a0de\u00a0<strong>Montaner<\/strong>.<\/p>\n\n\n\n<p>En su descargo en Twitter, el venezolano continu\u00f3: &#8220;Todos entramos, todos cabemos, m\u00e1s all\u00e1 de los gusto y de los colores&#8230; Yo no s\u00e9 de reguet\u00f3n, ni de rimar, se\u00f1ores, yo solo s\u00e9 que la vida se trata de saber dar honores, al que limpia, al que barre, al que vende flores, al humilde, al patriota, al&nbsp;<em>cartonero<\/em>&nbsp;pobre&#8221;.<\/p>\n\n\n\n<p>Culmin\u00f3: &#8220;Dense un abrazo queridos\u2026no hace falta tanto fr\u00edo\u2026Los quiero&#8221;.<\/p>\n\n\n\n<blockquote class=\"twitter-tweet\"><p lang=\"es\" dir=\"ltr\">He visto con tristeza como dos colegas(diferentes)se ensa\u00f1an hasta sacarse sangre.<br>Lo de mi querido <a href=\"https:\/\/twitter.com\/Residente?ref_src=twsrc%5Etfw\">@residente<\/a> con mi querido <a href=\"https:\/\/twitter.com\/JBALVIN?ref_src=twsrc%5Etfw\">@JBALVIN<\/a> es un acto despiadado ,una masacre innecesaria,una iron\u00eda,un despilfarro de talento en una causa sin raz\u00f3n.<\/p>&mdash; Ricardo Montaner (@montanertwiter) <a href=\"https:\/\/twitter.com\/montanertwiter\/status\/1499582282025291781?ref_src=twsrc%5Etfw\">March 4, 2022<\/a><\/blockquote> <script async src=\"https:\/\/platform.twitter.com\/widgets.js\" charset=\"utf-8\"><\/script>\n\n\n\n<p>Fuente: <a href=\"https:\/\/www.eonline.com\/mx\/news\/1321954\/ricardo-montaner-califica-de-acto-despiadado-y-masacre-la-cancion-de-residente-contra-j-balvin\" data-type=\"URL\" data-id=\"https:\/\/www.eonline.com\/mx\/news\/1321954\/ricardo-montaner-califica-de-acto-despiadado-y-masacre-la-cancion-de-residente-contra-j-balvin\">E!<\/a><\/p>\n","protected":false},"excerpt":{"rendered":"<p>En medio de la nueva pol\u00e9mica de\u00a0J Balvin\u00a0y\u00a0Ren\u00e9 P\u00e9rez,\u00a0Ricardo Montaner toma una importante postura. &#8220;Este\u00a0blanquito\u00a0de colegio todav\u00eda no entiende el\u00a0foking\u00a0privilegio. Pero qu\u00e9 esperan de este fracasado criado por su pap\u00e1, un\u00a0influencer\u00a0frustrado&#8221;. &#8220;Es un imb\u00e9cil con tinte de cabello que puso a mujeres negras con cadenas de perro en el cuello&#8221;, le dice el puertorrique\u00f1o al [&hellip;]<\/p>\n","protected":false},"author":35,"featured_media":26152,"comment_status":"open","ping_status":"open","sticky":false,"template":"","format":"standard","meta":{"_monsterinsights_skip_tracking":false,"_monsterinsights_sitenote_active":false,"_monsterinsights_sitenote_note":"","_monsterinsights_sitenote_category":0,"footnotes":""},"categories":[576],"tags":[11339,6565,2860,6306,11338],"class_list":["post-43776","post","type-post","status-publish","format-standard","has-post-thumbnail","hentry","category-ocio","tag-actor-despiadado","tag-cancion","tag-j-balvin","tag-residente","tag-ricardo-montaner","wp-image-borders"],"amp_enabled":true,"_links":{"self":[{"href":"https:\/\/nvnoticias.mx\/index.php\/wp-json\/wp\/v2\/posts\/43776","targetHints":{"allow":["GET"]}}],"collection":[{"href":"https:\/\/nvnoticias.mx\/index.php\/wp-json\/wp\/v2\/posts"}],"about":[{"href":"https:\/\/nvnoticias.mx\/index.php\/wp-json\/wp\/v2\/types\/post"}],"author":[{"embeddable":true,"href":"https:\/\/nvnoticias.mx\/index.php\/wp-json\/wp\/v2\/users\/35"}],"replies":[{"embeddable":true,"href":"https:\/\/nvnoticias.mx\/index.php\/wp-json\/wp\/v2\/comments?post=43776"}],"version-history":[{"count":1,"href":"https:\/\/nvnoticias.mx\/index.php\/wp-json\/wp\/v2\/posts\/43776\/revisions"}],"predecessor-version":[{"id":43777,"href":"https:\/\/nvnoticias.mx\/index.php\/wp-json\/wp\/v2\/posts\/43776\/revisions\/43777"}],"wp:featuredmedia":[{"embeddable":true,"href":"https:\/\/nvnoticias.mx\/index.php\/wp-json\/wp\/v2\/media\/26152"}],"wp:attachment":[{"href":"https:\/\/nvnoticias.mx\/index.php\/wp-json\/wp\/v2\/media?parent=43776"}],"wp:term":[{"taxonomy":"category","embeddable":true,"href":"https:\/\/nvnoticias.mx\/index.php\/wp-json\/wp\/v2\/categories?post=43776"},{"taxonomy":"post_tag","embeddable":true,"href":"https:\/\/nvnoticias.mx\/index.php\/wp-json\/wp\/v2\/tags?post=43776"}],"curies":[{"name":"wp","href":"https:\/\/api.w.org\/{rel}","templated":true}]}}