{"id":43668,"date":"2022-03-04T09:59:46","date_gmt":"2022-03-04T15:59:46","guid":{"rendered":"https:\/\/nvnoticias.mx\/?p=43668"},"modified":"2022-03-04T09:59:48","modified_gmt":"2022-03-04T15:59:48","slug":"analizan-enviar-otro-avion-para-traer-a-mexicanos-desde-conflicto-de-rusia-y-ucrania","status":"publish","type":"post","link":"https:\/\/nvnoticias.mx\/index.php\/2022\/03\/04\/analizan-enviar-otro-avion-para-traer-a-mexicanos-desde-conflicto-de-rusia-y-ucrania\/","title":{"rendered":"Analizan enviar otro avi\u00f3n para traer a mexicanos desde conflicto de Rusia y Ucrania"},"content":{"rendered":"\n<p>Marcelo Ebrard Casaubon, secretario de&nbsp;Relaciones Exteriores&nbsp;(SRE), inform\u00f3 este viernes que&nbsp;81 pasajeros&nbsp;procedentes de Ucrania&nbsp;tras la&nbsp;invasi\u00f3n de Rusia,&nbsp;llegaron&nbsp;\u201csin novedad\u201d&nbsp;esta madrugada a la Ciudad de M\u00e9xico en un avi\u00f3n de la&nbsp;Fuerza A\u00e9rea Mexicana&nbsp;(FAM).<\/p>\n\n\n\n<p>En conferencia de prensa matutina,&nbsp;el canciller detall\u00f3 que el gobierno&nbsp; podr\u00eda enviar un segundo avi\u00f3n de la FAM para rescatar a otros mexicanos que se encuentran en la zona de conflicto.<\/p>\n\n\n\n<blockquote class=\"wp-block-quote is-layout-flow wp-block-quote-is-layout-flow\"><p>&#8220;Arrib\u00f3 sin novedad el avi\u00f3n de la&nbsp;Fuerza A\u00e9rea Mexicana&nbsp;con 81 pasajeros, 44 mexicanos, 28 de origen ucraniano, porque dec\u00eda que son familias m\u00e9xico-ucraneanas, siete personas del Ecuador, uno del Per\u00fa, uno de Australia, y aqu\u00ed tambi\u00e9n reportan la perrita que vino desde all\u00e1, porque tambi\u00e9n era algo que nos pidi\u00f3 el presidente, que se garantizar\u00e1 las familias completas,&nbsp; y son parte de las familias, llegaron sin novedad&#8221;, explic\u00f3.<\/p><\/blockquote>\n\n\n\n<p>En Palacio Nacional, el canciller adelant\u00f3 que el gobierno de M\u00e9xico podr\u00eda enviar un segundo avi\u00f3n de la Fuerza A\u00e9rea Mexicana para rescatar a otros mexicanos que se encuentran en la zona de conflicto de Ucrania.<\/p>\n\n\n\n<p>&#8220;Si, si es necesario\u00a0 ya nos dijo el presidente si lo habr\u00eda, \u00bfqu\u00e9 quiere decir? si se requiere por familias mexicanas que tenemos que traer&#8221;, agreg\u00f3.<\/p>\n\n\n\n<p>Fuente: <a href=\"https:\/\/www.eluniversal.com.mx\/nacion\/sre-llegan-sin-novedad-mexicanos-repatriados-de-ucrania\" data-type=\"URL\" data-id=\"https:\/\/www.eluniversal.com.mx\/nacion\/sre-llegan-sin-novedad-mexicanos-repatriados-de-ucrania\">El universal<\/a><\/p>\n","protected":false},"excerpt":{"rendered":"<p>Marcelo Ebrard Casaubon, secretario de&nbsp;Relaciones Exteriores&nbsp;(SRE), inform\u00f3 este viernes que&nbsp;81 pasajeros&nbsp;procedentes de Ucrania&nbsp;tras la&nbsp;invasi\u00f3n de Rusia,&nbsp;llegaron&nbsp;\u201csin novedad\u201d&nbsp;esta madrugada a la Ciudad de M\u00e9xico en un avi\u00f3n de la&nbsp;Fuerza A\u00e9rea Mexicana&nbsp;(FAM). En conferencia de prensa matutina,&nbsp;el canciller detall\u00f3 que el gobierno&nbsp; podr\u00eda enviar un segundo avi\u00f3n de la FAM para rescatar a otros mexicanos que se [&hellip;]<\/p>\n","protected":false},"author":35,"featured_media":8552,"comment_status":"open","ping_status":"open","sticky":false,"template":"","format":"standard","meta":{"_monsterinsights_skip_tracking":false,"_monsterinsights_sitenote_active":false,"_monsterinsights_sitenote_note":"","_monsterinsights_sitenote_category":0,"footnotes":""},"categories":[157],"tags":[11283,3303,511,8959,1605,257,162,537,5041],"class_list":["post-43668","post","type-post","status-publish","format-standard","has-post-thumbnail","hentry","category-nacional","tag-analizan","tag-avion","tag-conflicto","tag-enviar","tag-fuerza-aerea-mexicana","tag-mexicanos","tag-portada","tag-rusia","tag-ucrania","wp-image-borders"],"amp_enabled":true,"_links":{"self":[{"href":"https:\/\/nvnoticias.mx\/index.php\/wp-json\/wp\/v2\/posts\/43668","targetHints":{"allow":["GET"]}}],"collection":[{"href":"https:\/\/nvnoticias.mx\/index.php\/wp-json\/wp\/v2\/posts"}],"about":[{"href":"https:\/\/nvnoticias.mx\/index.php\/wp-json\/wp\/v2\/types\/post"}],"author":[{"embeddable":true,"href":"https:\/\/nvnoticias.mx\/index.php\/wp-json\/wp\/v2\/users\/35"}],"replies":[{"embeddable":true,"href":"https:\/\/nvnoticias.mx\/index.php\/wp-json\/wp\/v2\/comments?post=43668"}],"version-history":[{"count":5,"href":"https:\/\/nvnoticias.mx\/index.php\/wp-json\/wp\/v2\/posts\/43668\/revisions"}],"predecessor-version":[{"id":43673,"href":"https:\/\/nvnoticias.mx\/index.php\/wp-json\/wp\/v2\/posts\/43668\/revisions\/43673"}],"wp:featuredmedia":[{"embeddable":true,"href":"https:\/\/nvnoticias.mx\/index.php\/wp-json\/wp\/v2\/media\/8552"}],"wp:attachment":[{"href":"https:\/\/nvnoticias.mx\/index.php\/wp-json\/wp\/v2\/media?parent=43668"}],"wp:term":[{"taxonomy":"category","embeddable":true,"href":"https:\/\/nvnoticias.mx\/index.php\/wp-json\/wp\/v2\/categories?post=43668"},{"taxonomy":"post_tag","embeddable":true,"href":"https:\/\/nvnoticias.mx\/index.php\/wp-json\/wp\/v2\/tags?post=43668"}],"curies":[{"name":"wp","href":"https:\/\/api.w.org\/{rel}","templated":true}]}}