{"id":43653,"date":"2022-03-04T09:21:11","date_gmt":"2022-03-04T15:21:11","guid":{"rendered":"https:\/\/nvnoticias.mx\/?p=43653"},"modified":"2022-03-04T09:24:58","modified_gmt":"2022-03-04T15:24:58","slug":"prodecon-iniciaprograma-de-capacitacion-fiscal-declara-facil-y-a-tiempo-2022","status":"publish","type":"post","link":"https:\/\/nvnoticias.mx\/index.php\/2022\/03\/04\/prodecon-iniciaprograma-de-capacitacion-fiscal-declara-facil-y-a-tiempo-2022\/","title":{"rendered":"PRODECON inicia programa de capacitaci\u00f3n fiscal \u201cDeclara f\u00e1cil y a tiempo 2022\u201d"},"content":{"rendered":"\n<p>\u2022 Llevar\u00e1 a cabo diversos talleres, webinarios y difundir\u00e1 podcasts para asesorar en la presentaci\u00f3n de la declaraci\u00f3n y solicitud de saldos a favor<br>\u2022 Se estima que el Ombudsperson brinde m\u00e1s de 100 mil servicios relacionados con la presentaci\u00f3n de la declaraci\u00f3n anual de personas f\u00edsicas<\/p>\n\n\n\n<p>Durante los meses de marzo a junio, la Procuradur\u00eda de la Defensa del Contribuyente (PRODECON) llevar\u00e1 a cabo su programa \u201cDeclara f\u00e1cil y a tiempo 2022\u201d para ayudar a las y los pagadores de impuestos a presentar su Declaraci\u00f3n Anual correspondiente al ejercicio fiscal 2021 y, de obtener saldo a favor, apoyarlos para obtener su devoluci\u00f3n.<\/p>\n\n\n\n<p>Con una serie de webinarios y talleres, adem\u00e1s de retomar por completo sus servicios presenciales en todas sus delegaciones y oficinas centrales, aunado a los canales de v\u00eda remota; el Ombudsperson fiscal estima atender a m\u00e1s de 100 mil personas f\u00edsicas que tengan dudas respecto a esta obligaci\u00f3n tributaria, cifra superior a lo registrado en a\u00f1os previos.<\/p>\n\n\n\n<p>Cabe destacar que en los webinarios se abordar\u00e1n diversas tem\u00e1ticas de inter\u00e9s como la \u201cInformaci\u00f3n necesaria para presentar la Declaraci\u00f3n Anual 2021 para personas f\u00edsicas\u201d, \u201cObligados a presentar Declaraci\u00f3n Anual\u201d y \u201cSimulador de Declaraci\u00f3n Anual\u201d, adem\u00e1s del taller \u201cLlenado de la Declaraci\u00f3n Anual\u201d. De igual forma se compartir\u00e1 informaci\u00f3n pr\u00e1ctica a trav\u00e9s de podcasts y en redes sociales.&nbsp;&nbsp;<\/p>\n\n\n\n<p>PRODECON invita a los contribuyentes a que en caso de requerir mayor informaci\u00f3n de los talleres y webinarios, visiten www.prodecon.gob.mx, o si desean asesor\u00eda en el llenado y presentaci\u00f3n de su Declaraci\u00f3n Anual acudan de manera presencial a cualquiera de nuestras oficinas, o v\u00eda remota mediante la atenci\u00f3n telef\u00f3nica al 55-1205-9000 y 800-611-0190 en el interior del pa\u00eds; chat en l\u00ednea https:\/\/bit.ly\/3jMHwAD, a trav\u00e9s de una asesor\u00eda en l\u00ednea v\u00eda zoom que se puede agendar en su p\u00e1gina oficial, o bien, v\u00eda correo electr\u00f3nico a trav\u00e9s de la direcci\u00f3n atencionalcontribuyente@prodecon.gob.mx.<\/p>\n","protected":false},"excerpt":{"rendered":"<p>\u2022 Llevar\u00e1 a cabo diversos talleres, webinarios y difundir\u00e1 podcasts para asesorar en la presentaci\u00f3n de la declaraci\u00f3n y solicitud de saldos a favor\u2022 Se estima que el Ombudsperson brinde m\u00e1s de 100 mil servicios relacionados con la presentaci\u00f3n de la declaraci\u00f3n anual de personas f\u00edsicas Durante los meses de marzo a junio, la Procuradur\u00eda [&hellip;]<\/p>\n","protected":false},"author":35,"featured_media":32306,"comment_status":"open","ping_status":"open","sticky":false,"template":"","format":"standard","meta":{"_monsterinsights_skip_tracking":false,"_monsterinsights_sitenote_active":false,"_monsterinsights_sitenote_note":"","_monsterinsights_sitenote_category":0,"footnotes":""},"categories":[158],"tags":[3566,9065,697,5092,11281],"class_list":["post-43653","post","type-post","status-publish","format-standard","has-post-thumbnail","hentry","category-politica","tag-capacitacion","tag-inicia","tag-prodecon","tag-programa","tag-talleres","wp-image-borders"],"amp_enabled":true,"_links":{"self":[{"href":"https:\/\/nvnoticias.mx\/index.php\/wp-json\/wp\/v2\/posts\/43653","targetHints":{"allow":["GET"]}}],"collection":[{"href":"https:\/\/nvnoticias.mx\/index.php\/wp-json\/wp\/v2\/posts"}],"about":[{"href":"https:\/\/nvnoticias.mx\/index.php\/wp-json\/wp\/v2\/types\/post"}],"author":[{"embeddable":true,"href":"https:\/\/nvnoticias.mx\/index.php\/wp-json\/wp\/v2\/users\/35"}],"replies":[{"embeddable":true,"href":"https:\/\/nvnoticias.mx\/index.php\/wp-json\/wp\/v2\/comments?post=43653"}],"version-history":[{"count":4,"href":"https:\/\/nvnoticias.mx\/index.php\/wp-json\/wp\/v2\/posts\/43653\/revisions"}],"predecessor-version":[{"id":43658,"href":"https:\/\/nvnoticias.mx\/index.php\/wp-json\/wp\/v2\/posts\/43653\/revisions\/43658"}],"wp:featuredmedia":[{"embeddable":true,"href":"https:\/\/nvnoticias.mx\/index.php\/wp-json\/wp\/v2\/media\/32306"}],"wp:attachment":[{"href":"https:\/\/nvnoticias.mx\/index.php\/wp-json\/wp\/v2\/media?parent=43653"}],"wp:term":[{"taxonomy":"category","embeddable":true,"href":"https:\/\/nvnoticias.mx\/index.php\/wp-json\/wp\/v2\/categories?post=43653"},{"taxonomy":"post_tag","embeddable":true,"href":"https:\/\/nvnoticias.mx\/index.php\/wp-json\/wp\/v2\/tags?post=43653"}],"curies":[{"name":"wp","href":"https:\/\/api.w.org\/{rel}","templated":true}]}}