{"id":43581,"date":"2022-03-03T12:31:49","date_gmt":"2022-03-03T18:31:49","guid":{"rendered":"https:\/\/nvnoticias.mx\/?p=43581"},"modified":"2022-03-03T12:31:50","modified_gmt":"2022-03-03T18:31:50","slug":"exigen-usuarios-que-cfe-baje-las-tarifas-electricas-en-veracruz","status":"publish","type":"post","link":"https:\/\/nvnoticias.mx\/index.php\/2022\/03\/03\/exigen-usuarios-que-cfe-baje-las-tarifas-electricas-en-veracruz\/","title":{"rendered":"Exigen usuarios que CFE baje las tarifas el\u00e9ctricas en Veracruz"},"content":{"rendered":"\n<p><strong>Jes\u00fas Utrilla \/ NV Noticias<\/strong><\/p>\n\n\n\n<p>El Movimiento Civil Independiente marchar\u00e1 el domingo 6 de marzo a las 4:30 de la tarde, para conmemorar tres a\u00f1os de resistencia civil.<\/p>\n\n\n\n<p>Oliver Olmos Cabrera, presidente del MOCI, dijo que aprovechar\u00e1n para solicitar una reclasificaci\u00f3n de tarifas el\u00e9ctricas.<\/p>\n\n\n\n<p>Agreg\u00f3 que se requiere pasar de la clasificaci\u00f3n 1C a 1E, para que los cobros por consumo sean menores.<\/p>\n\n\n\n<p>Record\u00f3 que el Estado de Veracruz registra altas temperaturas en la mayor\u00eda de los municipios por al menos nueve meses del a\u00f1o y urge que los usuarios gocen de mejores tarifas.&nbsp;<\/p>\n\n\n\n<blockquote class=\"wp-block-quote is-layout-flow wp-block-quote-is-layout-flow\"><p>\u201c<em>Nosotros nos enfrentamos a una situaci\u00f3n diferente a otros estados, nosotros tenemos un verano que dura casi nueve meses y las tarifas de subsidio de Comisi\u00f3n, cuando pasamos de verano a invierno se nos viene un incremento excesivo en los costos y la temperatura promedio que tenemos en los municipios costeros no corresponde a la tarifa real que nos est\u00e1n cobrando y eso es lo que estamos pidiendo que se reclasifique la tarifa<\/em>\u201d.\u00a0<\/p><\/blockquote>\n\n\n\n<p>La caminata ser\u00e1 el domingo 6 de marzo a las 4:30 de la tarde, iniciar\u00e1 en el Tranv\u00eda del Recuerdo con direcci\u00f3n al Z\u00f3calo de Veracruz.<\/p>\n\n\n\n<p>Olmos Cabrera destac\u00f3 las movilizaciones por el tema del agua, los cobros de Comisi\u00f3n Federal de Electricidad, entre otros.&nbsp;<\/p>\n","protected":false},"excerpt":{"rendered":"<p>Jes\u00fas Utrilla \/ NV Noticias El Movimiento Civil Independiente marchar\u00e1 el domingo 6 de marzo a las 4:30 de la tarde, para conmemorar tres a\u00f1os de resistencia civil. Oliver Olmos Cabrera, presidente del MOCI, dijo que aprovechar\u00e1n para solicitar una reclasificaci\u00f3n de tarifas el\u00e9ctricas. Agreg\u00f3 que se requiere pasar de la clasificaci\u00f3n 1C a 1E, [&hellip;]<\/p>\n","protected":false},"author":8,"featured_media":43585,"comment_status":"open","ping_status":"open","sticky":false,"template":"","format":"standard","meta":{"_monsterinsights_skip_tracking":false,"_monsterinsights_sitenote_active":false,"_monsterinsights_sitenote_note":"","_monsterinsights_sitenote_category":0,"footnotes":""},"categories":[154],"tags":[821,1050,3237],"class_list":["post-43581","post","type-post","status-publish","format-standard","has-post-thumbnail","hentry","category-veracruz","tag-cfe","tag-tarifas","tag-usuarios","wp-image-borders"],"amp_enabled":true,"_links":{"self":[{"href":"https:\/\/nvnoticias.mx\/index.php\/wp-json\/wp\/v2\/posts\/43581","targetHints":{"allow":["GET"]}}],"collection":[{"href":"https:\/\/nvnoticias.mx\/index.php\/wp-json\/wp\/v2\/posts"}],"about":[{"href":"https:\/\/nvnoticias.mx\/index.php\/wp-json\/wp\/v2\/types\/post"}],"author":[{"embeddable":true,"href":"https:\/\/nvnoticias.mx\/index.php\/wp-json\/wp\/v2\/users\/8"}],"replies":[{"embeddable":true,"href":"https:\/\/nvnoticias.mx\/index.php\/wp-json\/wp\/v2\/comments?post=43581"}],"version-history":[{"count":1,"href":"https:\/\/nvnoticias.mx\/index.php\/wp-json\/wp\/v2\/posts\/43581\/revisions"}],"predecessor-version":[{"id":43586,"href":"https:\/\/nvnoticias.mx\/index.php\/wp-json\/wp\/v2\/posts\/43581\/revisions\/43586"}],"wp:featuredmedia":[{"embeddable":true,"href":"https:\/\/nvnoticias.mx\/index.php\/wp-json\/wp\/v2\/media\/43585"}],"wp:attachment":[{"href":"https:\/\/nvnoticias.mx\/index.php\/wp-json\/wp\/v2\/media?parent=43581"}],"wp:term":[{"taxonomy":"category","embeddable":true,"href":"https:\/\/nvnoticias.mx\/index.php\/wp-json\/wp\/v2\/categories?post=43581"},{"taxonomy":"post_tag","embeddable":true,"href":"https:\/\/nvnoticias.mx\/index.php\/wp-json\/wp\/v2\/tags?post=43581"}],"curies":[{"name":"wp","href":"https:\/\/api.w.org\/{rel}","templated":true}]}}