{"id":43341,"date":"2022-03-02T13:10:57","date_gmt":"2022-03-02T19:10:57","guid":{"rendered":"https:\/\/nvnoticias.mx\/?p=43341"},"modified":"2022-03-02T13:10:58","modified_gmt":"2022-03-02T19:10:58","slug":"abogados-piden-liberacion-inmediata-de-detenidos-por-ultrajes-a-la-autoridad","status":"publish","type":"post","link":"https:\/\/nvnoticias.mx\/index.php\/2022\/03\/02\/abogados-piden-liberacion-inmediata-de-detenidos-por-ultrajes-a-la-autoridad\/","title":{"rendered":"Abogados piden liberaci\u00f3n inmediata de detenidos por ultrajes a la autoridad"},"content":{"rendered":"\n<p><strong>Sam Ojeda\u00a0&#8211; Jes\u00fas Utrilla \/ NV Noticias <\/strong><\/p>\n\n\n\n<p>Xalapa.- El abogado Arturo Nicol\u00e1s Baltazar, integrante del movimiento \u201cJusticia por Veracruz\u201d,\u00a0 asegur\u00f3 que la declaratoria de inconstitucionalidad del delito de ultrajes a la autoridad en Veracruz es muestra de que el tipo penal sirvi\u00f3 para encarcelar a los veracruzanos.\u00a0<\/p>\n\n\n\n<p>Luego de que la Suprema Corte de Justicia de la Naci\u00f3n (SCJN) declar\u00f3 inv\u00e1lido este delito, los abogados se\u00f1alaron que son m\u00e1s de mil las personas que est\u00e1n en espera de ser liberadas en los pr\u00f3ximos d\u00edas.\u00a0<\/p>\n\n\n\n<blockquote class=\"wp-block-quote is-layout-flow wp-block-quote-is-layout-flow\"><p>\u201c<em>Se utiliz\u00f3 para encarcelar a m\u00e1s de mil veracruzanos a trav\u00e9s de un art\u00edculo que criminaliza (\u2026) Se nos acus\u00f3 de querer enriquecernos con la derogaci\u00f3n del tipo penal para la liberaci\u00f3n de delincuentes<\/em>\u201d.<\/p><\/blockquote>\n\n\n\n<p>Agreg\u00f3 que la Corte dio la raz\u00f3n a quienes se manifestaron ante la reforma de este delito durante el a\u00f1o pasado, y asegur\u00f3 que esta es la raz\u00f3n jur\u00eddica que las autoridades no tuvieron y que hasta este momento les sirvi\u00f3 del momento para perseguir y encarcelar a cientos de veracruzanos.<\/p>\n\n\n\n<blockquote class=\"wp-block-quote is-layout-flow wp-block-quote-is-layout-flow\"><p>\u201c<em>La declaraci\u00f3n de invalidez refrenda en nosotros la confianza inquebrantable de que tare o temprano la legalidad y la justicia terminan por imponerse. Con el efecto retroactivo de la declaratoria de invalidez deben recuperar su libertad y los abogados nos mantendremos vigilantes para que se respete el estado de derecho<\/em>\u201d.<\/p><\/blockquote>\n\n\n\n<p>Indic\u00f3 que los abogados est\u00e1n a la espera de que la resoluci\u00f3n de la Corte sea publicado en la Gaceta Oficial del Estado para presentar la solicitud de sobreseimiento de los casos contra personas detenidas por el delito de utillajes a la autoridad.\u00a0<\/p>\n\n\n\n<h4 class=\"wp-block-heading\"><strong>La comunidad jur\u00eddica de Veracruz se encuentra lista para proceder<\/strong><\/h4>\n\n\n\n<p>Luego de la invalidaci\u00f3n que realiz\u00f3 la Suprema Corte de Justicia de la Naci\u00f3n de los delitos de ultrajes a la autoridad, Vicente Romero Reyes, presidente del Colegio de Abogados en Litigacion Oral, se\u00f1al\u00f3 que en una audiencia de 48 horas los acusados exclusivamente por dicho delito tendr\u00e1n que quedar libres.<\/p>\n\n\n\n<p>Asegur\u00f3 que el Poder Judicial trabaja hasta los domingos y d\u00edas festivos por lo que no habr\u00e1 pretexto para que sus clientes se mantengan en prisi\u00f3n preventiva.&nbsp;<\/p>\n\n\n\n<blockquote class=\"wp-block-quote is-layout-flow wp-block-quote-is-layout-flow\"><p>\u201c<em>Ahora le toca notificarle al Congreso del Estado para que se haga la notificaci\u00f3n correspondiente y se derogue el delito de ultrajes y la ampliaci\u00f3n que hab\u00eda hecho con efectos retroactivos del d\u00eda 12 de marzo del a\u00f1o pr\u00f3ximo pasado y del d\u00eda 28 de enero, pero tambi\u00e9n hay que tomar en cuenta que el delito en s\u00ed ya no va a existir en la legislaci\u00f3n penal<\/em>\u201d.\u00a0<\/p><\/blockquote>\n\n\n\n<p>Los abogados deber\u00e1n promover la audiencia para solicitar el sobreseimiento ya que cualquier persona que tenga un problema exclusivo de ultrajes a la autoridad podr\u00e1 ser absuelta de manera inmediata.<\/p>\n\n\n\n<p>En caso de tener otro delito se mantendr\u00e1&nbsp;&nbsp;sujeto a dicho procedimiento.<\/p>\n\n\n\n<blockquote class=\"wp-block-quote is-layout-flow wp-block-quote-is-layout-flow\"><p>\u201c<em>No van a salir todos los delincuentes, si ellos entraron por un delito, la Fiscal\u00eda tuvo todo el tiempo del mundo, m\u00e1s de nueve meses, para poder se\u00f1alarles otro delito y si es mayor que el de ultrajes deber\u00e1 seguir confinado<\/em>\u201d.<\/p><\/blockquote>\n\n\n\n<p>Reiter\u00f3 que una vez que el Congreso local y el Poder Judicial del Estado sean notificados formalmente sobre la invalidaci\u00f3n del delito de ultrajes a la autoridad, deber\u00e1n proceder a la libertad inmediata de las personas que se encuentren en prisi\u00f3n preventiva oficiosa.<\/p>\n","protected":false},"excerpt":{"rendered":"<p>Sam Ojeda\u00a0&#8211; Jes\u00fas Utrilla \/ NV Noticias Xalapa.- El abogado Arturo Nicol\u00e1s Baltazar, integrante del movimiento \u201cJusticia por Veracruz\u201d,\u00a0 asegur\u00f3 que la declaratoria de inconstitucionalidad del delito de ultrajes a la autoridad en Veracruz es muestra de que el tipo penal sirvi\u00f3 para encarcelar a los veracruzanos.\u00a0 Luego de que la Suprema Corte de Justicia [&hellip;]<\/p>\n","protected":false},"author":8,"featured_media":43348,"comment_status":"open","ping_status":"open","sticky":false,"template":"","format":"standard","meta":{"_monsterinsights_skip_tracking":false,"_monsterinsights_sitenote_active":false,"_monsterinsights_sitenote_note":"","_monsterinsights_sitenote_category":0,"footnotes":""},"categories":[156],"tags":[351,788,162,2591],"class_list":["post-43341","post","type-post","status-publish","format-standard","has-post-thumbnail","hentry","category-estado","tag-abogados","tag-detenidos","tag-portada","tag-ultrajes-a-la-autoridad","wp-image-borders"],"amp_enabled":true,"_links":{"self":[{"href":"https:\/\/nvnoticias.mx\/index.php\/wp-json\/wp\/v2\/posts\/43341","targetHints":{"allow":["GET"]}}],"collection":[{"href":"https:\/\/nvnoticias.mx\/index.php\/wp-json\/wp\/v2\/posts"}],"about":[{"href":"https:\/\/nvnoticias.mx\/index.php\/wp-json\/wp\/v2\/types\/post"}],"author":[{"embeddable":true,"href":"https:\/\/nvnoticias.mx\/index.php\/wp-json\/wp\/v2\/users\/8"}],"replies":[{"embeddable":true,"href":"https:\/\/nvnoticias.mx\/index.php\/wp-json\/wp\/v2\/comments?post=43341"}],"version-history":[{"count":1,"href":"https:\/\/nvnoticias.mx\/index.php\/wp-json\/wp\/v2\/posts\/43341\/revisions"}],"predecessor-version":[{"id":43349,"href":"https:\/\/nvnoticias.mx\/index.php\/wp-json\/wp\/v2\/posts\/43341\/revisions\/43349"}],"wp:featuredmedia":[{"embeddable":true,"href":"https:\/\/nvnoticias.mx\/index.php\/wp-json\/wp\/v2\/media\/43348"}],"wp:attachment":[{"href":"https:\/\/nvnoticias.mx\/index.php\/wp-json\/wp\/v2\/media?parent=43341"}],"wp:term":[{"taxonomy":"category","embeddable":true,"href":"https:\/\/nvnoticias.mx\/index.php\/wp-json\/wp\/v2\/categories?post=43341"},{"taxonomy":"post_tag","embeddable":true,"href":"https:\/\/nvnoticias.mx\/index.php\/wp-json\/wp\/v2\/tags?post=43341"}],"curies":[{"name":"wp","href":"https:\/\/api.w.org\/{rel}","templated":true}]}}