{"id":43333,"date":"2022-03-02T12:50:50","date_gmt":"2022-03-02T18:50:50","guid":{"rendered":"https:\/\/nvnoticias.mx\/?p=43333"},"modified":"2022-03-02T12:50:52","modified_gmt":"2022-03-02T18:50:52","slug":"pide-ops-a-mexico-no-bajar-la-guardia-ante-covid","status":"publish","type":"post","link":"https:\/\/nvnoticias.mx\/index.php\/2022\/03\/02\/pide-ops-a-mexico-no-bajar-la-guardia-ante-covid\/","title":{"rendered":"Pide OPS a M\u00e9xico no bajar la guardia ante covid"},"content":{"rendered":"\n<p>A pesar de que M\u00e9xico est\u00e1 registrando una\u00a0<strong>reducci\u00f3n continua de nuevos contagios, decesos y casos activos de coronavirus<\/strong>, no se deben relajar las medidas sanitarias, porque la pandemia contin\u00faa, alert\u00f3 la Organizaci\u00f3n Panamericana de la Salud (OPS).<\/p>\n\n\n\n<p>Desde Washington, en conferencia virtual de prensa, el gerente de Incidente para covid-19 de la OPS, Sylvain Aldhigieri, detall\u00f3 la disminuci\u00f3n de nuevos casos que present\u00f3 el pa\u00eds, desde finales de enero.<\/p>\n\n\n\n<blockquote class=\"wp-block-quote is-layout-flow wp-block-quote-is-layout-flow\"><p>Efectivamente estas \u00faltimas cinco semanas en M\u00e9xico se observa una reducci\u00f3n continua de los casos de covid-19. Entre finales de enero y finales de febrero, la baja fue semana por semana de menos 9 por ciento, menos 16 por ciento, menos 36 por ciento, menos 13 por ciento, incluyendo menos 23 por ciento durante la \u00faltima semana\u201d, explic\u00f3.<\/p><\/blockquote>\n\n\n\n<p>A\u00f1adi\u00f3 que aunque el reporte de las\u00a0<strong>muertes a consecuencia del virus SARS-Cov-2<\/strong>\u00a0ha presentado un comportamiento diferente, se observa una tendencia a la baja.<\/p>\n\n\n\n<blockquote class=\"wp-block-quote is-layout-flow wp-block-quote-is-layout-flow\"><p>\u201cTambi\u00e9n se est\u00e1 observando la misma tendencia con una reducci\u00f3n de las defunciones semanales con una diferencia de tiempo de dos a tres semanas comparando con los nuevos casos.<\/p><\/blockquote>\n","protected":false},"excerpt":{"rendered":"<p>A pesar de que M\u00e9xico est\u00e1 registrando una\u00a0reducci\u00f3n continua de nuevos contagios, decesos y casos activos de coronavirus, no se deben relajar las medidas sanitarias, porque la pandemia contin\u00faa, alert\u00f3 la Organizaci\u00f3n Panamericana de la Salud (OPS). Desde Washington, en conferencia virtual de prensa, el gerente de Incidente para covid-19 de la OPS, Sylvain Aldhigieri, [&hellip;]<\/p>\n","protected":false},"author":35,"featured_media":19216,"comment_status":"open","ping_status":"open","sticky":false,"template":"","format":"standard","meta":{"_monsterinsights_skip_tracking":false,"_monsterinsights_sitenote_active":false,"_monsterinsights_sitenote_note":"","_monsterinsights_sitenote_category":0,"footnotes":""},"categories":[157],"tags":[358,2058,292,11158,2726],"class_list":["post-43333","post","type-post","status-publish","format-standard","has-post-thumbnail","hentry","category-nacional","tag-covid","tag-guardia","tag-mexico","tag-no-bajar","tag-ops","wp-image-borders"],"amp_enabled":true,"_links":{"self":[{"href":"https:\/\/nvnoticias.mx\/index.php\/wp-json\/wp\/v2\/posts\/43333","targetHints":{"allow":["GET"]}}],"collection":[{"href":"https:\/\/nvnoticias.mx\/index.php\/wp-json\/wp\/v2\/posts"}],"about":[{"href":"https:\/\/nvnoticias.mx\/index.php\/wp-json\/wp\/v2\/types\/post"}],"author":[{"embeddable":true,"href":"https:\/\/nvnoticias.mx\/index.php\/wp-json\/wp\/v2\/users\/35"}],"replies":[{"embeddable":true,"href":"https:\/\/nvnoticias.mx\/index.php\/wp-json\/wp\/v2\/comments?post=43333"}],"version-history":[{"count":1,"href":"https:\/\/nvnoticias.mx\/index.php\/wp-json\/wp\/v2\/posts\/43333\/revisions"}],"predecessor-version":[{"id":43334,"href":"https:\/\/nvnoticias.mx\/index.php\/wp-json\/wp\/v2\/posts\/43333\/revisions\/43334"}],"wp:featuredmedia":[{"embeddable":true,"href":"https:\/\/nvnoticias.mx\/index.php\/wp-json\/wp\/v2\/media\/19216"}],"wp:attachment":[{"href":"https:\/\/nvnoticias.mx\/index.php\/wp-json\/wp\/v2\/media?parent=43333"}],"wp:term":[{"taxonomy":"category","embeddable":true,"href":"https:\/\/nvnoticias.mx\/index.php\/wp-json\/wp\/v2\/categories?post=43333"},{"taxonomy":"post_tag","embeddable":true,"href":"https:\/\/nvnoticias.mx\/index.php\/wp-json\/wp\/v2\/tags?post=43333"}],"curies":[{"name":"wp","href":"https:\/\/api.w.org\/{rel}","templated":true}]}}